{"id":23419,"date":"2025-12-14T12:42:39","date_gmt":"2025-12-14T10:42:39","guid":{"rendered":"https:\/\/www.mk-journal.de\/?p=23419"},"modified":"2025-12-14T12:42:39","modified_gmt":"2025-12-14T10:42:39","slug":"suedwestfalen-buendelt-kraefte-fuer-internationale-fachkraefte","status":"publish","type":"post","link":"https:\/\/www.mk-journal.de\/index.php\/2025\/12\/14\/suedwestfalen-buendelt-kraefte-fuer-internationale-fachkraefte\/","title":{"rendered":"S\u00fcdwestfalen b\u00fcndelt Kr\u00e4fte f\u00fcr internationale Fachkr\u00e4fte"},"content":{"rendered":"<p><strong>F\u00f6rderbescheide \u00fcber 3,78 Millionen Euro \u00fcbergeben<\/strong><\/p>\n<p>(EB). Erstmals b\u00fcndeln zahlreiche Partner aus S\u00fcdwestfalen ihre Kr\u00e4fte, um gezielt internationale Fachkr\u00e4fte f\u00fcr die Region zu gewinnen und zu integrieren. Das Projekt \u201eArbeitgeberschmiede S\u00fcdwestfalen PLUS \u2013 Global Connect\u201c soll daf\u00fcr die notwendigen Strukturen schaffen, digitale Ans\u00e4tze erproben und Wissen in der Region teilen. Profitieren sollen vor allem kleine und mittlere Betriebe. Heinrich B\u00f6ckel\u00fchr, Regierungspr\u00e4sident des Regierungsbezirks Arnsberg, \u00fcbergab nun sieben F\u00f6rderbescheide in H\u00f6he von insgesamt 3,78 Millionen Euro an die Projektpartner rund um die S\u00fcdwestfalen Agentur. Das Projekt kann damit zum Jahresbeginn 2026 starten.<\/p>\n<p><strong>Ganzheitlicher Ansatz<\/strong><\/p>\n<p>\u201eIm Mittelpunkt des Projekts steht die Frage, wie Unternehmen erfolgreich internationale Fach- und Arbeitskr\u00e4fte gewinnen und integrieren k\u00f6nnen. Gerade in Zeiten des umfangreichen Transformationsdrucks ist das f\u00fcr Betriebe Chance und Herausforderung zugleich. \u201eS\u00fcdwestfalen ist wirtschaftlich enorm stark. Die zahlreichen mittelst\u00e4ndischen Familienunternehmen haben oft nicht die Kapazit\u00e4ten, sich strategisch um internationale Fachkr\u00e4fte zu k\u00fcmmern\u201c, betonte Regierungspr\u00e4sident Heinrich B\u00f6ckel\u00fchr. \u201eDie regionale Allianz aus Hochschulen, Wirtschaftsf\u00f6rderungen und S\u00fcdwestfalen Agentur schafft einen ganzheitlichen Ansatz. Das ist wichtig f\u00fcr unser Bundesland, da f\u00fcr die Arbeit der ,NRW Fachkr\u00e4fteagentur International\u2018 strategische Ansprechpersonen in den Regionen ben\u00f6tigt werden\u201c, erg\u00e4nzte Heinrich B\u00f6ckel\u00fchr bei der \u00dcbergabe der F\u00f6rderbescheide.<\/p>\n<p><strong>Viele Akteure zusammengeschlossen<\/strong><\/p>\n<p>Zusammengeschlossen haben sich die Universit\u00e4t Siegen, die Fachhochschule S\u00fcdwestfalen, die Hochschule Hamm-Lippstadt, die FernUniversit\u00e4t Hagen, die agentur mark GmbH, die wfg Wirtschaftsf\u00f6rderung des Kreises Soest sowie die S\u00fcdwestfalen Agentur. Jede Organisation greift einen anderen Aspekt auf. Sie haben erkannt: In S\u00fcdwestfalen gibt es vereinzelte Ans\u00e4tze zur Integration und zum Anwerben internationaler Fach- und Arbeitskr\u00e4fte, aber weder eine gemeinsame Linie, noch einen koordinierten Erfahrungsaustausch. Daf\u00fcr: viel Potenzial. Hier setzt \u201eArbeitgeberschmiede S\u00fcdwestfalen PLUS \u2013 Global connect\u201c an.<\/p>\n","protected":false},"excerpt":{"rendered":"<p>F\u00f6rderbescheide \u00fcber 3,78 Millionen Euro \u00fcbergeben (EB). Erstmals b\u00fcndeln zahlreiche  [&#8230;]<\/p>\n","protected":false},"author":3,"featured_media":23420,"comment_status":"closed","ping_status":"closed","sticky":false,"template":"","format":"standard","meta":{"two_page_speed":[],"footnotes":""},"categories":[9],"tags":[],"class_list":["post-23419","post","type-post","status-publish","format-standard","has-post-thumbnail","hentry","category-gute-nachricht"],"_links":{"self":[{"href":"https:\/\/www.mk-journal.de\/index.php\/wp-json\/wp\/v2\/posts\/23419","targetHints":{"allow":["GET"]}}],"collection":[{"href":"https:\/\/www.mk-journal.de\/index.php\/wp-json\/wp\/v2\/posts"}],"about":[{"href":"https:\/\/www.mk-journal.de\/index.php\/wp-json\/wp\/v2\/types\/post"}],"author":[{"embeddable":true,"href":"https:\/\/www.mk-journal.de\/index.php\/wp-json\/wp\/v2\/users\/3"}],"replies":[{"embeddable":true,"href":"https:\/\/www.mk-journal.de\/index.php\/wp-json\/wp\/v2\/comments?post=23419"}],"version-history":[{"count":1,"href":"https:\/\/www.mk-journal.de\/index.php\/wp-json\/wp\/v2\/posts\/23419\/revisions"}],"predecessor-version":[{"id":23421,"href":"https:\/\/www.mk-journal.de\/index.php\/wp-json\/wp\/v2\/posts\/23419\/revisions\/23421"}],"wp:featuredmedia":[{"embeddable":true,"href":"https:\/\/www.mk-journal.de\/index.php\/wp-json\/wp\/v2\/media\/23420"}],"wp:attachment":[{"href":"https:\/\/www.mk-journal.de\/index.php\/wp-json\/wp\/v2\/media?parent=23419"}],"wp:term":[{"taxonomy":"category","embeddable":true,"href":"https:\/\/www.mk-journal.de\/index.php\/wp-json\/wp\/v2\/categories?post=23419"},{"taxonomy":"post_tag","embeddable":true,"href":"https:\/\/www.mk-journal.de\/index.php\/wp-json\/wp\/v2\/tags?post=23419"}],"curies":[{"name":"wp","href":"https:\/\/api.w.org\/{rel}","templated":true}]}}