{"id":23437,"date":"2025-12-16T10:08:42","date_gmt":"2025-12-16T08:08:42","guid":{"rendered":"https:\/\/www.mk-journal.de\/?p=23437"},"modified":"2025-12-16T10:08:42","modified_gmt":"2025-12-16T08:08:42","slug":"weihnachtsfrieden-im-finanzamt","status":"publish","type":"post","link":"https:\/\/www.mk-journal.de\/index.php\/2025\/12\/16\/weihnachtsfrieden-im-finanzamt\/","title":{"rendered":"Weihnachtsfrieden im Finanzamt"},"content":{"rendered":"<p>(EB). Zum Jahresausklang gilt in der Finanzverwaltung Nordrhein-Westfalen der Weihnachtsfrieden, den der Minister der Finanzen des Landes Nordrhein-Westfalen, Dr. Marcus Optendrenk, bekanntgegeben hat. Auch das Finanzamt Iserlohn setzt diese Regelung in der Zeit vom 17. bis 31. Dezember 2025 um. In diesem Zeitraum werden bestimmte Ma\u00dfnahmen, wie Vollstreckungen oder die Einleitung von Betriebspr\u00fcfungen, bewusst zur\u00fcckgestellt, damit die Feiertage f\u00fcr B\u00fcrgerinnen und B\u00fcrger im Mittelpunkt stehen k\u00f6nnen.<\/p>\n<p><strong>Zeichen von R\u00fccksicht<\/strong><\/p>\n<p>\u201eDer Weihnachtsfrieden ist f\u00fcr uns ein Zeichen von R\u00fccksicht und Verantwortungsbewusstsein\u201c, erkl\u00e4rt Roland K\u00f6cher, Leiter des Finanzamts Iserlohn. \u201eAuch wir im Finanzamt Iserlohn setzen diese Vorgabe bewusst um und tragen dazu bei, dass die Feiertage f\u00fcr die B\u00fcrgerinnen und B\u00fcrger m\u00f6glichst ungest\u00f6rt verlaufen.\u201c Der Weihnachtsfrieden ist eine landesweit geltende Regelung und wird von allen Finanz\u00e4mtern in Nordrhein-Westfalen umgesetzt. Ziel ist es, zum Jahresende mit Augenma\u00df zu handeln und den Menschen im Land eine ruhige Zeit \u00fcber die Feiertage zu erm\u00f6glichen.<\/p>\n<p><strong>Steuerbescheide kommen<\/strong><\/p>\n<p>Steuerbescheide werden weiterhin versandt, insbesondere damit Steuererstattungen zeitnah ausgezahlt werden k\u00f6nnen. Auch Mahnungen bleiben von der Regelung unber\u00fchrt. In Ausnahmef\u00e4llen, etwa bei drohender Verj\u00e4hrung, kann es erforderlich sein, dass das Finanzamt t\u00e4tig wird. Wer sich w\u00e4hrend der Feiertage in Ruhe \u00fcber steuerliche Themen informieren m\u00f6chte, findet auf der Service-Website <a href=\"http:\/\/www.finanzamt.nrw.de\">www.finanzamt.nrw.de<\/a> zahlreiche Informationen und digitale Angebote.<\/p>\n<p>&nbsp;<\/p>\n","protected":false},"excerpt":{"rendered":"<p>(EB). Zum Jahresausklang gilt in der Finanzverwaltung Nordrhein-Westfalen der Weihnachtsfrieden,  [&#8230;]<\/p>\n","protected":false},"author":3,"featured_media":23438,"comment_status":"closed","ping_status":"closed","sticky":false,"template":"","format":"standard","meta":{"two_page_speed":[],"footnotes":""},"categories":[7],"tags":[],"class_list":["post-23437","post","type-post","status-publish","format-standard","has-post-thumbnail","hentry","category-dies-und-das"],"_links":{"self":[{"href":"https:\/\/www.mk-journal.de\/index.php\/wp-json\/wp\/v2\/posts\/23437","targetHints":{"allow":["GET"]}}],"collection":[{"href":"https:\/\/www.mk-journal.de\/index.php\/wp-json\/wp\/v2\/posts"}],"about":[{"href":"https:\/\/www.mk-journal.de\/index.php\/wp-json\/wp\/v2\/types\/post"}],"author":[{"embeddable":true,"href":"https:\/\/www.mk-journal.de\/index.php\/wp-json\/wp\/v2\/users\/3"}],"replies":[{"embeddable":true,"href":"https:\/\/www.mk-journal.de\/index.php\/wp-json\/wp\/v2\/comments?post=23437"}],"version-history":[{"count":1,"href":"https:\/\/www.mk-journal.de\/index.php\/wp-json\/wp\/v2\/posts\/23437\/revisions"}],"predecessor-version":[{"id":23439,"href":"https:\/\/www.mk-journal.de\/index.php\/wp-json\/wp\/v2\/posts\/23437\/revisions\/23439"}],"wp:featuredmedia":[{"embeddable":true,"href":"https:\/\/www.mk-journal.de\/index.php\/wp-json\/wp\/v2\/media\/23438"}],"wp:attachment":[{"href":"https:\/\/www.mk-journal.de\/index.php\/wp-json\/wp\/v2\/media?parent=23437"}],"wp:term":[{"taxonomy":"category","embeddable":true,"href":"https:\/\/www.mk-journal.de\/index.php\/wp-json\/wp\/v2\/categories?post=23437"},{"taxonomy":"post_tag","embeddable":true,"href":"https:\/\/www.mk-journal.de\/index.php\/wp-json\/wp\/v2\/tags?post=23437"}],"curies":[{"name":"wp","href":"https:\/\/api.w.org\/{rel}","templated":true}]}}