{"id":23440,"date":"2025-12-16T10:21:55","date_gmt":"2025-12-16T08:21:55","guid":{"rendered":"https:\/\/www.mk-journal.de\/?p=23440"},"modified":"2025-12-16T10:21:55","modified_gmt":"2025-12-16T08:21:55","slug":"atelier-in-barendorf-zu-vermieten","status":"publish","type":"post","link":"https:\/\/www.mk-journal.de\/index.php\/2025\/12\/16\/atelier-in-barendorf-zu-vermieten\/","title":{"rendered":"Atelier in Barendorf zu vermieten"},"content":{"rendered":"<h4>Aufgeschlossene Pers\u00f6nlichkeit aus dem Bereich der bildenden Kunst oder des gehobenen Kunsthandwerks gesucht<\/h4>\n<p>(PSI). Die Stadt Iserlohn vermietet zum 1. April f\u00fcr die Dauer von f\u00fcnf Jahren ein Atelier (Haus F, Baarstra\u00dfe 220-226, 58636 Iserlohn) in der Historischen Fabrikanlage Maste-Barendorf. Dabei handelt es sich um ein historisches Fachwerkensemble, das Anfang des 19. Jahrhunderts als Fabrikendorf erbaut wurde. Die Anlage wurde 1981 von der Stadt \u00fcbernommen und beherbergt ein Museum mit mehreren Vorf\u00fchrst\u00e4tten, ein Caf\u00e9 sowie Ateliers und Wohnungen f\u00fcr Kunstschaffende. Die denkmalgesch\u00fctzte Anlage ist Schauplatz gr\u00f6\u00dferer und kleinerer Kulturveranstaltungen wie dem Weihnachtlichen Barendorf, dem \u201eDrahtSaitenAkt\u201c und dem Elektro-Festival \u201eAbrakadabra\u201c.<\/p>\n<p><strong>Austauch mit anderen erw\u00fcnscht<\/strong><\/p>\n<p>Gesucht wird ein K\u00fcnstler oder eine K\u00fcnstlerin aus dem Bereich der bildenden Kunst oder des gehobenen Kunsthandwerks f\u00fcr das Atelier in Haus F. Gew\u00fcnscht ist eine aufgeschlossene Pers\u00f6nlichkeit, die bereit ist, sich mit anderen Kunstschaffenden in Iserlohn auszutauschen und an Projekten und Veranstaltungen zu beteiligen. Die R\u00e4umlichkeit ist insgesamt 96 Quadratmeter gro\u00df und beinhaltet einen Vorraum, zwei kleinere Lagerr\u00e4ume sowie eine K\u00fcche und ein Bad. Der Hauptraum ist rund 53 Quadratmeter gro\u00df. Die Kaltmiete betr\u00e4gt 469,32 Euro pro Monat, zzgl. 120,20 Euro Betriebskosten. Vertr\u00e4ge f\u00fcr Gas und Strom m\u00fcssen selbst abgeschlossen und bezahlt werden.<\/p>\n<p><strong>Bewerbung bis 15. Februar<\/strong><\/p>\n<p>Interessierte k\u00f6nnen ihre aussagekr\u00e4ftige Bewerbung bis zum 15. Februar an das Stadtmuseum Iserlohn (Kontakt: Dr. Sandra Hertel, Fritz-K\u00fchn-Platz 1, 58636 Iserlohn, Tel. 02371\/217-1960, <a href=\"mailto:museum@iserlohn.de\">museum@iserlohn.de<\/a>) schicken. \u00dcber die Vergabe entscheidet der Kulturausschuss.<\/p>\n","protected":false},"excerpt":{"rendered":"<p>Aufgeschlossene Pers\u00f6nlichkeit aus dem Bereich der bildenden Kunst oder des  [&#8230;]<\/p>\n","protected":false},"author":3,"featured_media":23441,"comment_status":"closed","ping_status":"closed","sticky":false,"template":"","format":"standard","meta":{"two_page_speed":[],"footnotes":""},"categories":[10],"tags":[],"class_list":["post-23440","post","type-post","status-publish","format-standard","has-post-thumbnail","hentry","category-staedte-und-gemeinden"],"_links":{"self":[{"href":"https:\/\/www.mk-journal.de\/index.php\/wp-json\/wp\/v2\/posts\/23440","targetHints":{"allow":["GET"]}}],"collection":[{"href":"https:\/\/www.mk-journal.de\/index.php\/wp-json\/wp\/v2\/posts"}],"about":[{"href":"https:\/\/www.mk-journal.de\/index.php\/wp-json\/wp\/v2\/types\/post"}],"author":[{"embeddable":true,"href":"https:\/\/www.mk-journal.de\/index.php\/wp-json\/wp\/v2\/users\/3"}],"replies":[{"embeddable":true,"href":"https:\/\/www.mk-journal.de\/index.php\/wp-json\/wp\/v2\/comments?post=23440"}],"version-history":[{"count":1,"href":"https:\/\/www.mk-journal.de\/index.php\/wp-json\/wp\/v2\/posts\/23440\/revisions"}],"predecessor-version":[{"id":23442,"href":"https:\/\/www.mk-journal.de\/index.php\/wp-json\/wp\/v2\/posts\/23440\/revisions\/23442"}],"wp:featuredmedia":[{"embeddable":true,"href":"https:\/\/www.mk-journal.de\/index.php\/wp-json\/wp\/v2\/media\/23441"}],"wp:attachment":[{"href":"https:\/\/www.mk-journal.de\/index.php\/wp-json\/wp\/v2\/media?parent=23440"}],"wp:term":[{"taxonomy":"category","embeddable":true,"href":"https:\/\/www.mk-journal.de\/index.php\/wp-json\/wp\/v2\/categories?post=23440"},{"taxonomy":"post_tag","embeddable":true,"href":"https:\/\/www.mk-journal.de\/index.php\/wp-json\/wp\/v2\/tags?post=23440"}],"curies":[{"name":"wp","href":"https:\/\/api.w.org\/{rel}","templated":true}]}}