{"id":23443,"date":"2025-12-16T10:46:44","date_gmt":"2025-12-16T08:46:44","guid":{"rendered":"https:\/\/www.mk-journal.de\/?p=23443"},"modified":"2025-12-16T10:46:44","modified_gmt":"2025-12-16T08:46:44","slug":"vorverkauf-fuer-kleinkunsttage-gestartet","status":"publish","type":"post","link":"https:\/\/www.mk-journal.de\/index.php\/2025\/12\/16\/vorverkauf-fuer-kleinkunsttage-gestartet\/","title":{"rendered":"Vorverkauf f\u00fcr Kleinkunsttage gestartet"},"content":{"rendered":"<p>(PSL). Der offizielle Kartenvorverkauf f\u00fcr die K\u00fcnstlerinnen und K\u00fcnstler der L\u00fcdenscheider Kleinkunsttage ist gestartet. Vom 17. Februar bis zum 10. M\u00e4rz treten eine K\u00fcnstlerin und vier K\u00fcnstler gegeneinander an \u2013 im Wettstreit um die Publikumsgunst und den begehrten Preis \u201eDie L\u00fcdenscheider L\u00fcsterklemme\u201c.<\/p>\n<p><strong>46. Veranstaltung<\/strong><\/p>\n<p>Bereits zum 46. Mal richtet das Kulturhaus der Stadt L\u00fcdenscheid in Kooperation mit der Sparkasse an Volme und Ruhr dieses traditionsreiche Kleinkunstformat aus. Neu ist in diesem Jahr der Austragungsort innerhalb des Hauses: Erstmals finden die Auftritte im Bistro K Format auf der Hinterb\u00fchne des Theatersaals statt \u2013 ein Standort, der f\u00fcr noch mehr N\u00e4he und B\u00fchnenatmosph\u00e4re sorgen soll. Doch nicht nur der Ort bringt frischen Wind. Auch das vielseitige Programm der diesj\u00e4hrigen Kleinkunsttage \u00fcberschreitet sowohl Barrieren als auch Landesgrenzen und bietet dem Publikum eine spannende Bandbreite k\u00fcnstlerischer Ausdrucksformen.<\/p>\n<p><strong>17. Februar \u2013 Timur Turga: \u201eBlind Date\u201c<\/strong><\/p>\n<p>Turga nimmt sein Publikum mit Charme und feinem Humor mit auf eine Reise durch den Alltag eines Menschen mit Augenerkrankung. Mit wachem Blick f\u00fcr Situationskomik beleuchtet er Begegnungen mit irritierten Mitmenschen und bietet einen ungew\u00f6hnlichen, humorvollen Zugang zum Thema Barrierefreiheit.<\/p>\n<p><strong>20. Februar \u2013 Michael Feindler: \u201eDurchbruch\u201c<\/strong><\/p>\n<p>Feindler, bekannt als \u201eFeingeist des politischen Kabaretts\u201c, verbindet Wortakrobatik mit sprachlicher Verspieltheit. In seinem Programm seziert er treffsicher das Spannungsfeld zwischen Abstiegsangst und Zukunftszuversicht \u2013 nachdenklich, pr\u00e4zise und pointensicher.<\/p>\n<p><strong>3. M\u00e4rz \u2013 Ren\u00e9 Sydow: \u201eIn ganzen S\u00e4tzen\u201c<\/strong><\/p>\n<p>Sydow, einer der sprachm\u00e4chtigsten Kabarettisten Deutschlands, widmet sich den Untiefen deutscher Sprachlandschaften. Er analysiert scharfz\u00fcngig, wie Meinungskommunikation heute funktioniert \u2013 und welche gesellschaftlichen Abgr\u00fcnde sich dabei mitunter auftun.<\/p>\n<p><strong>4. M\u00e4rz \u2013 Sia Korthaus: \u201eWilder Wechsel\u201c<\/strong><\/p>\n<p>Mit erfrischender Komik und viel Gesp\u00fcr f\u00fcr Zwischenmenschliches beleuchtet Korthaus die Wechselwirkungen zwischen Hormonen, Gewohnheiten und dem ganz allt\u00e4glichen Chaos. Geschickt springt sie zwischen Jahrzehnten, Rollen und Liedern und serviert dem Publikum ein Wechselbad der Gef\u00fchle.<\/p>\n<p><strong>10. M\u00e4rz \u2013 Patrick Nederkoorn: \u201eDer fliehende Holl\u00e4nder\u201c<\/strong><\/p>\n<p>Der geb\u00fcrtige Niederl\u00e4nder nimmt mit charmanter Frechheit sowohl sich selbst als auch deutsch-niederl\u00e4ndische Missverst\u00e4ndnisse aufs Korn. Ob in Familien, in der Liebe oder \u2013 besonders am\u00fcsant \u2013 im deutschen Steuerwesen: Nederkoorn zeigt, wo kulturelle Br\u00fccken gebaut werden m\u00fcssen.<\/p>\n<p><strong>Vorverkauf &amp; Preise<\/strong><\/p>\n<p>Karten sind erh\u00e4ltlich:<\/p>\n<ul>\n<li>an der Theaterkasse (Telefon 0 23 51 \/ 17 12 99),<\/li>\n<\/ul>\n<p>\u00b7\u00a0\u00a0\u00a0\u00a0\u00a0\u00a0\u00a0 im Webshop des Kulturhauses,<\/p>\n<ul>\n<li>sowie im Klein Oho im Sterncenter L\u00fcdenscheid.<\/li>\n<\/ul>\n<p><strong>Preise:<\/strong><\/p>\n<ul>\n<li>Reihenplatz: 15,00 \u20ac<\/li>\n<li>Tischplatz: 17,00 \u20ac<\/li>\n<li>Kombiticket: 5 Veranstaltungen besuchen, nur 4 bezahlen<\/li>\n<\/ul>\n<p>Alle Preise verstehen sich zuz\u00fcglich Geb\u00fchren. Nur solange der Vorrat reicht.<\/p>\n<p><em>\u00a0<\/em><\/p>\n","protected":false},"excerpt":{"rendered":"<p>(PSL). Der offizielle Kartenvorverkauf f\u00fcr die K\u00fcnstlerinnen und K\u00fcnstler der  [&#8230;]<\/p>\n","protected":false},"author":3,"featured_media":23444,"comment_status":"closed","ping_status":"closed","sticky":false,"template":"","format":"standard","meta":{"two_page_speed":[],"footnotes":""},"categories":[6],"tags":[],"class_list":["post-23443","post","type-post","status-publish","format-standard","has-post-thumbnail","hentry","category-kultur"],"_links":{"self":[{"href":"https:\/\/www.mk-journal.de\/index.php\/wp-json\/wp\/v2\/posts\/23443","targetHints":{"allow":["GET"]}}],"collection":[{"href":"https:\/\/www.mk-journal.de\/index.php\/wp-json\/wp\/v2\/posts"}],"about":[{"href":"https:\/\/www.mk-journal.de\/index.php\/wp-json\/wp\/v2\/types\/post"}],"author":[{"embeddable":true,"href":"https:\/\/www.mk-journal.de\/index.php\/wp-json\/wp\/v2\/users\/3"}],"replies":[{"embeddable":true,"href":"https:\/\/www.mk-journal.de\/index.php\/wp-json\/wp\/v2\/comments?post=23443"}],"version-history":[{"count":1,"href":"https:\/\/www.mk-journal.de\/index.php\/wp-json\/wp\/v2\/posts\/23443\/revisions"}],"predecessor-version":[{"id":23445,"href":"https:\/\/www.mk-journal.de\/index.php\/wp-json\/wp\/v2\/posts\/23443\/revisions\/23445"}],"wp:featuredmedia":[{"embeddable":true,"href":"https:\/\/www.mk-journal.de\/index.php\/wp-json\/wp\/v2\/media\/23444"}],"wp:attachment":[{"href":"https:\/\/www.mk-journal.de\/index.php\/wp-json\/wp\/v2\/media?parent=23443"}],"wp:term":[{"taxonomy":"category","embeddable":true,"href":"https:\/\/www.mk-journal.de\/index.php\/wp-json\/wp\/v2\/categories?post=23443"},{"taxonomy":"post_tag","embeddable":true,"href":"https:\/\/www.mk-journal.de\/index.php\/wp-json\/wp\/v2\/tags?post=23443"}],"curies":[{"name":"wp","href":"https:\/\/api.w.org\/{rel}","templated":true}]}}