{"id":23454,"date":"2025-12-16T12:25:10","date_gmt":"2025-12-16T10:25:10","guid":{"rendered":"https:\/\/www.mk-journal.de\/?p=23454"},"modified":"2025-12-16T12:25:10","modified_gmt":"2025-12-16T10:25:10","slug":"wlv-termine-im-januar","status":"publish","type":"post","link":"https:\/\/www.mk-journal.de\/index.php\/2025\/12\/16\/wlv-termine-im-januar\/","title":{"rendered":"WLV-Termine im Januar"},"content":{"rendered":"<h4><strong>Ortsverb\u00e4nde im Landwirtschaftlichen Kreisverband M\u00e4rkischer Kreis treffen sich<\/strong><\/h4>\n<p>(EB). Die Ortsverb\u00e4nde im Landwirtschaftlichen Kreisverband M\u00e4rkischer Kreis treffen sich im Januar zu ihren\u00a0 Winterversammlungen. Neben den\/r jeweiligen Vorsitzenden unterst\u00fctzt der gesch\u00e4ftsf\u00fchrende Vorstand die Abende. Alle Versammlungen besuchen Vorsitzender Ulrich Brinckmann und Gesch\u00e4ftsf\u00fchrerin Nikola Galla, Vizevorsitzende Hendrik Vedder und Dr. Christina Gro\u00dfe-Frericks besuchen jeweils abwechselnd die H\u00e4lfte der Termine. Ebenfalls dabei sind die Vertreter der Landwirtschaftskammer. Da in diesem Jahr keine Wahlen anstehen, ist es jedem Mitglied freigestellt, auch gern eine benachbarte Versammlung zu besuchen.<\/p>\n<p><strong>Hier die Termine im Einzelnen:<\/strong><\/p>\n<p><strong>Ortsverb\u00e4nde Meinerzhagen \/ Plettenberg-Herscheid:<\/strong><\/p>\n<p>Mittwoch, 07. Januar 19.30 Uhr, Landgasthaus Sch\u00fcrmann, Gr\u00fcnenthal 7, 58849 Herscheid.<\/p>\n<p><strong>Ortsverb\u00e4nde Iserlohn \/ Menden-Hemer:<\/strong><\/p>\n<p>Dienstag, 20. Januar, 19.30 Uhr, Hof Drepper, Trecklenkamp 1, 58640 Iserlohn.<\/p>\n<p><strong>Ortsverband M\u00e4rkischer Kreis Mitte:<\/strong><\/p>\n<p>Donnerstag, 22. Januar, 19.30 Uhr, Gastst\u00e4tte Heerwiese, Heedfelder Str. 136, 58509 L\u00fcdenscheid.<\/p>\n<p><strong>Ortsverband Balve-Neuenrade:<\/strong><\/p>\n<p>Dienstag, 27. Januar, 19.30 Uhr,\u00a0 Sch\u00fctzenhalle Mellen, Balver Stra\u00dfe 10, 58802 Balve.<\/p>\n<p><strong>Ortsverb\u00e4nde Halver \/ Kierspe:<\/strong><\/p>\n<p>Donnerstag, 29. Januar, 19.30 Uhr, Restaurant Martas, Berliner Platz 2, 58553 Halver.<\/p>\n","protected":false},"excerpt":{"rendered":"<p>Ortsverb\u00e4nde im Landwirtschaftlichen Kreisverband M\u00e4rkischer Kreis treffen sich (EB). Die  [&#8230;]<\/p>\n","protected":false},"author":3,"featured_media":23455,"comment_status":"closed","ping_status":"closed","sticky":false,"template":"","format":"standard","meta":{"two_page_speed":[],"footnotes":""},"categories":[7],"tags":[],"class_list":["post-23454","post","type-post","status-publish","format-standard","has-post-thumbnail","hentry","category-dies-und-das"],"_links":{"self":[{"href":"https:\/\/www.mk-journal.de\/index.php\/wp-json\/wp\/v2\/posts\/23454","targetHints":{"allow":["GET"]}}],"collection":[{"href":"https:\/\/www.mk-journal.de\/index.php\/wp-json\/wp\/v2\/posts"}],"about":[{"href":"https:\/\/www.mk-journal.de\/index.php\/wp-json\/wp\/v2\/types\/post"}],"author":[{"embeddable":true,"href":"https:\/\/www.mk-journal.de\/index.php\/wp-json\/wp\/v2\/users\/3"}],"replies":[{"embeddable":true,"href":"https:\/\/www.mk-journal.de\/index.php\/wp-json\/wp\/v2\/comments?post=23454"}],"version-history":[{"count":1,"href":"https:\/\/www.mk-journal.de\/index.php\/wp-json\/wp\/v2\/posts\/23454\/revisions"}],"predecessor-version":[{"id":23456,"href":"https:\/\/www.mk-journal.de\/index.php\/wp-json\/wp\/v2\/posts\/23454\/revisions\/23456"}],"wp:featuredmedia":[{"embeddable":true,"href":"https:\/\/www.mk-journal.de\/index.php\/wp-json\/wp\/v2\/media\/23455"}],"wp:attachment":[{"href":"https:\/\/www.mk-journal.de\/index.php\/wp-json\/wp\/v2\/media?parent=23454"}],"wp:term":[{"taxonomy":"category","embeddable":true,"href":"https:\/\/www.mk-journal.de\/index.php\/wp-json\/wp\/v2\/categories?post=23454"},{"taxonomy":"post_tag","embeddable":true,"href":"https:\/\/www.mk-journal.de\/index.php\/wp-json\/wp\/v2\/tags?post=23454"}],"curies":[{"name":"wp","href":"https:\/\/api.w.org\/{rel}","templated":true}]}}