{"id":23484,"date":"2025-12-18T18:31:56","date_gmt":"2025-12-18T16:31:56","guid":{"rendered":"https:\/\/www.mk-journal.de\/?p=23484"},"modified":"2025-12-18T18:31:56","modified_gmt":"2025-12-18T16:31:56","slug":"nils-elten-wechselt-nach-weisswasser","status":"publish","type":"post","link":"https:\/\/www.mk-journal.de\/index.php\/2025\/12\/18\/nils-elten-wechselt-nach-weisswasser\/","title":{"rendered":"Nils Elten wechselt nach Wei\u00dfwasser"},"content":{"rendered":"<h4><strong>Roosters-Verteidiger erh\u00e4lt F\u00f6rderlizenz f\u00fcr Lausitzer F\u00fcchse<\/strong><\/h4>\n<p><strong>Von Hendrik Klein<\/strong><\/p>\n<p>Die Iserlohn Roosters haben ihren Verteidiger Nils Elten mit einer F\u00f6rderlizenz ausgestattet. Der 22-J\u00e4hrige ist ab sofort wieder f\u00fcr die Lausitzer F\u00fcchse in der DEL2 spielberechtigt. Das teilen die Sauerl\u00e4nder und die Lausitzer F\u00fcchse \u00fcbereinstimmend mit. F\u00fcr die Roosters, bei denen der geb\u00fcrtige Iserlohner unter Vertrag steht, lief Elten in der laufenden Saison insgesamt 17mal in der PENNY DEL auf.<\/p>\n<p><strong>R\u00fcckkehr nach Wei\u00dfwasser<\/strong><\/p>\n<p>\u201eDer 22-j\u00e4hrige Verteidiger wird damit \u2013 wie bereits in der vergangenen Saison \u2013 wieder f\u00fcr die F\u00fcchse auflaufen und tr\u00e4gt erneut die R\u00fcckennummer 5. Wann und wie oft Nils Elten zum Einsatz kommt, entscheidet das sportliche Management der Iserlohn Roosters in Abstimmung mit den Verantwortlichen in Wei\u00dfwasser\u201c, so das Management der F\u00fcchse. Nach einer starken Saison 2024\/25 im Trikot der Lausitzer F\u00fcchse, in der Nils Elten mit seiner Pr\u00e4senz und seinem Einsatz in der Defensive \u00fcberzeugte, wechselte er im Sommer zur\u00fcck zu seinem Stammverein an den Seilersee nach Iserlohn.<\/p>\n<p><strong>Nachwuchs des Iserlohner EC durchlaufen<\/strong><\/p>\n<p>\u201eNils kennt unser Umfeld, die Trainer, viele Spieler und kann uns punktuell verst\u00e4rken, ohne eine gro\u00dfe Eingew\u00f6hnungszeit zu ben\u00f6tigen. Ein gro\u00dfer Dank geht an die Verantwortlichen der Iserlohn Roosters, die diese M\u00f6glichkeit unterst\u00fctzt haben.\u201c Betont Jens Baxmann, der sportliche Leiter der Lausitzer F\u00fcchse. Der Rechtssch\u00fctze durchlief den Nachwuchs des Iserlohner EC und sammelte bereits fr\u00fch internationale Erfahrung mit der deutschen U20-Nationalmannschaft. Der 1,90 Meter gro\u00dfe und 89 Kilogramm schwere Verteidiger steht noch bis 2026 bei den Iserlohn Roosters unter Vertrag.<\/p>\n","protected":false},"excerpt":{"rendered":"<p>Roosters-Verteidiger erh\u00e4lt F\u00f6rderlizenz f\u00fcr Lausitzer F\u00fcchse Von Hendrik Klein Die  [&#8230;]<\/p>\n","protected":false},"author":3,"featured_media":23485,"comment_status":"closed","ping_status":"closed","sticky":false,"template":"","format":"standard","meta":{"two_page_speed":[],"footnotes":""},"categories":[4],"tags":[],"class_list":["post-23484","post","type-post","status-publish","format-standard","has-post-thumbnail","hentry","category-sport"],"_links":{"self":[{"href":"https:\/\/www.mk-journal.de\/index.php\/wp-json\/wp\/v2\/posts\/23484","targetHints":{"allow":["GET"]}}],"collection":[{"href":"https:\/\/www.mk-journal.de\/index.php\/wp-json\/wp\/v2\/posts"}],"about":[{"href":"https:\/\/www.mk-journal.de\/index.php\/wp-json\/wp\/v2\/types\/post"}],"author":[{"embeddable":true,"href":"https:\/\/www.mk-journal.de\/index.php\/wp-json\/wp\/v2\/users\/3"}],"replies":[{"embeddable":true,"href":"https:\/\/www.mk-journal.de\/index.php\/wp-json\/wp\/v2\/comments?post=23484"}],"version-history":[{"count":1,"href":"https:\/\/www.mk-journal.de\/index.php\/wp-json\/wp\/v2\/posts\/23484\/revisions"}],"predecessor-version":[{"id":23486,"href":"https:\/\/www.mk-journal.de\/index.php\/wp-json\/wp\/v2\/posts\/23484\/revisions\/23486"}],"wp:featuredmedia":[{"embeddable":true,"href":"https:\/\/www.mk-journal.de\/index.php\/wp-json\/wp\/v2\/media\/23485"}],"wp:attachment":[{"href":"https:\/\/www.mk-journal.de\/index.php\/wp-json\/wp\/v2\/media?parent=23484"}],"wp:term":[{"taxonomy":"category","embeddable":true,"href":"https:\/\/www.mk-journal.de\/index.php\/wp-json\/wp\/v2\/categories?post=23484"},{"taxonomy":"post_tag","embeddable":true,"href":"https:\/\/www.mk-journal.de\/index.php\/wp-json\/wp\/v2\/tags?post=23484"}],"curies":[{"name":"wp","href":"https:\/\/api.w.org\/{rel}","templated":true}]}}