{"id":23492,"date":"2025-12-19T11:53:44","date_gmt":"2025-12-19T09:53:44","guid":{"rendered":"https:\/\/www.mk-journal.de\/?p=23492"},"modified":"2025-12-19T11:53:44","modified_gmt":"2025-12-19T09:53:44","slug":"92-neue-staatsbuergerinnen-und-staatsbuerger","status":"publish","type":"post","link":"https:\/\/www.mk-journal.de\/index.php\/2025\/12\/19\/92-neue-staatsbuergerinnen-und-staatsbuerger\/","title":{"rendered":"92 neue Staatsb\u00fcrgerinnen und Staatsb\u00fcrger"},"content":{"rendered":"<p>(pmk). Im feierlichen Rahmen erhielten jetzt 92 Menschen aus 24 verschiedenen Herkunftsl\u00e4ndern im Kreishaus L\u00fcdenscheid die deutsche Staatsb\u00fcrgerschaft. Darunter befanden sich 45 M\u00e4dchen und Frauen sowie 47 Jungen und M\u00e4nner. 55 der Eingeb\u00fcrgerten sind j\u00fcnger als 40 Jahre. Die Altersspanne reichte dabei vom j\u00fcngsten neuen Staatsb\u00fcrger, einem neun Monate alten Jungen mit armenischen Wurzeln, bis hin zu einer 72-j\u00e4hrigen Frau aus Amerika, die sich bewusst f\u00fcr die deutsche Staatsangeh\u00f6rigkeit entschieden hat.<\/p>\n<p><strong>Feierliches Bekenntnis abgelegt<\/strong><\/p>\n<p>Landrat Ralf Schwarzkopf und Kreisdirektorin Barbara Dienstel-K\u00fcmper moderierten die Einb\u00fcrgerungsfeier. Alle Eingeb\u00fcrgerten ab 16 Jahren legten ein feierliches Bekenntnis ab, in dem sie sich verpflichteten, die Gesetze und das Grundgesetz der Bundesrepublik Deutschland zu achten. Der Landrat \u00fcberreichte den neuen Staatsb\u00fcrgerinnen und Staatsb\u00fcrgern ihre Einb\u00fcrgerungsurkunden sowie ein Exemplar des Grundgesetzes. Mit diesen Unterlagen k\u00f6nnen nun Personalausweise und Reisep\u00e4sse in den zust\u00e4ndigen Rath\u00e4usern beantragt werden. Zum Abschluss der Veranstaltung wurde gemeinsam die Nationalhymne gesungen.<\/p>\n<p><strong><u>Vor<\/u><u>aussetzungen<\/u><u> f\u00fcr die deutsche Staatsb\u00fcrgerschaft<\/u><\/strong><\/p>\n<p>Wer die deutsche Staatsangeh\u00f6rigkeit beantragen m\u00f6chte, muss bestimmte Bedingungen erf\u00fcllen. Dazu geh\u00f6rt ein mindestens f\u00fcnfj\u00e4hriger legaler Aufenthalt in Deutschland, der Nachweis von Sprachkenntnissen und kulturellem Wissen sowie die F\u00e4higkeit, den eigenen Lebensunterhalt ohne staatliche Hilfe zu sichern. Die Einb\u00fcrgerung markiert einen wichtigen Schritt in Richtung Integration und gesellschaftliche Teilhabe.<\/p>\n<p><strong>Die neu eingeb\u00fcrgerten Personen stammen aus nachfolgenden Staaten:<\/strong><\/p>\n<ul>\n<li><strong>\u00c4gypten:<\/strong> 1<\/li>\n<li><strong>Albanien: <\/strong>1<\/li>\n<li><strong>Amerika: <\/strong>1<\/li>\n<li><strong>Armenien: <\/strong>8<\/li>\n<li><strong>Bangladesch: <\/strong>1<\/li>\n<li><strong>Bosnien-Herzegowina: <\/strong>3<\/li>\n<li><strong>Bulgarien:<\/strong> 1<\/li>\n<li><strong>Eritrea:<\/strong> 1<\/li>\n<li><strong>Griechenland: <\/strong>2<\/li>\n<li><strong>Irak: <\/strong>9<\/li>\n<li><strong>Iran: <\/strong>1<\/li>\n<li><strong>Jemen:<\/strong> 4<\/li>\n<li><strong>Kosovo: <\/strong>1<\/li>\n<li><strong>Marokko: <\/strong>1<\/li>\n<li><strong>Niederlande:<\/strong> 1<\/li>\n<li><strong>Nigeria:<\/strong> 2<\/li>\n<li><strong>Nordmazedonien: <\/strong>2<\/li>\n<li><strong>Polen: <\/strong>2<\/li>\n<li><strong>Russland: <\/strong>4<\/li>\n<li><strong>Serbien: <\/strong>3<\/li>\n<li><strong>Syrien: <\/strong>15<\/li>\n<li><strong>T\u00fcrkei: <\/strong>25<\/li>\n<li><strong>Ukraine: <\/strong>2<\/li>\n<li><strong>Ungarn: <\/strong>1<\/li>\n<\/ul>\n<p><strong>Wohnorte im M\u00e4rkischen Kreis:<\/strong><\/p>\n<ul>\n<li><strong>Altena: <\/strong>5<\/li>\n<li><strong>Balve: <\/strong>5<\/li>\n<li><strong>Halver:<\/strong> 7<\/li>\n<li><strong>Hemer:<\/strong> 13<\/li>\n<li><strong>Herscheid:<\/strong> 1<\/li>\n<li><strong>Kierspe:<\/strong> 3<\/li>\n<li><strong>Meinerzhagen:<\/strong> 7<\/li>\n<li><strong>Menden:<\/strong> 30<\/li>\n<li><strong>Nachrodt-Wiblingwerde<\/strong>: 1<\/li>\n<li><strong>Plettenberg:<\/strong> 9<\/li>\n<li><strong>Schalksm\u00fchle:<\/strong> 3<\/li>\n<li><strong>Werdohl:<\/strong> 8<\/li>\n<\/ul>\n","protected":false},"excerpt":{"rendered":"<p>(pmk). Im feierlichen Rahmen erhielten jetzt 92 Menschen aus 24  [&#8230;]<\/p>\n","protected":false},"author":3,"featured_media":23493,"comment_status":"closed","ping_status":"closed","sticky":false,"template":"","format":"standard","meta":{"two_page_speed":[],"footnotes":""},"categories":[11],"tags":[],"class_list":["post-23492","post","type-post","status-publish","format-standard","has-post-thumbnail","hentry","category-maerkischer-kreis"],"_links":{"self":[{"href":"https:\/\/www.mk-journal.de\/index.php\/wp-json\/wp\/v2\/posts\/23492","targetHints":{"allow":["GET"]}}],"collection":[{"href":"https:\/\/www.mk-journal.de\/index.php\/wp-json\/wp\/v2\/posts"}],"about":[{"href":"https:\/\/www.mk-journal.de\/index.php\/wp-json\/wp\/v2\/types\/post"}],"author":[{"embeddable":true,"href":"https:\/\/www.mk-journal.de\/index.php\/wp-json\/wp\/v2\/users\/3"}],"replies":[{"embeddable":true,"href":"https:\/\/www.mk-journal.de\/index.php\/wp-json\/wp\/v2\/comments?post=23492"}],"version-history":[{"count":1,"href":"https:\/\/www.mk-journal.de\/index.php\/wp-json\/wp\/v2\/posts\/23492\/revisions"}],"predecessor-version":[{"id":23494,"href":"https:\/\/www.mk-journal.de\/index.php\/wp-json\/wp\/v2\/posts\/23492\/revisions\/23494"}],"wp:featuredmedia":[{"embeddable":true,"href":"https:\/\/www.mk-journal.de\/index.php\/wp-json\/wp\/v2\/media\/23493"}],"wp:attachment":[{"href":"https:\/\/www.mk-journal.de\/index.php\/wp-json\/wp\/v2\/media?parent=23492"}],"wp:term":[{"taxonomy":"category","embeddable":true,"href":"https:\/\/www.mk-journal.de\/index.php\/wp-json\/wp\/v2\/categories?post=23492"},{"taxonomy":"post_tag","embeddable":true,"href":"https:\/\/www.mk-journal.de\/index.php\/wp-json\/wp\/v2\/tags?post=23492"}],"curies":[{"name":"wp","href":"https:\/\/api.w.org\/{rel}","templated":true}]}}