{"id":23497,"date":"2025-12-19T14:26:09","date_gmt":"2025-12-19T12:26:09","guid":{"rendered":"https:\/\/www.mk-journal.de\/?p=23497"},"modified":"2025-12-19T14:32:20","modified_gmt":"2025-12-19T12:32:20","slug":"stadt-hemer-verleiht-ehrennadeln","status":"publish","type":"post","link":"https:\/\/www.mk-journal.de\/index.php\/2025\/12\/19\/stadt-hemer-verleiht-ehrennadeln\/","title":{"rendered":"Stadt Hemer verleiht Ehrennadeln"},"content":{"rendered":"<h4><strong>Shoshana Avimeir-Gottschalk, Heike Nitz-R\u00f6ther und Heinz-J\u00f6rg H\u00fccking ausgezeichnet<\/strong><\/h4>\n<p>(PSH). In der letzten Sitzung des Rates der Stadt Hemer in diesem Jahr wurden im Alten Casino am Sauerlandpark traditionell drei Ehrennadeln f\u00fcr besonderes ehrenamtliches Engagement verliehen. B\u00fcrgermeister Christian Schweitzer zeichnete unter dem Applaus der Ratsmitglieder Shoshana Avimeir-Gottschalk, Heike Nitz-R\u00f6ther und Heinz-J\u00f6rg H\u00fccking f\u00fcr ihren herausragenden Einsatz f\u00fcr die Stadtgesellschaft aus.<\/p>\n<p><strong>In Hemer geboren &#8211; lebt in Israel<\/strong><\/p>\n<p>Ehrenamtliches Wirken und die \u00dcbernahme von Verantwortung pr\u00e4gen das Leben von Shoshana Avimeir-Gottschalk seit Jahrzehnten. Sie wurde am 22. August 1929 in Hemer geboren und lebt heute in Israel. In besonderer Weise hat sie sich f\u00fcr das Erinnern und Gedenken in Hemer eingesetzt. Trotz eigener leidvoller Erfahrungen brachte sie ihre pers\u00f6nlichen Erlebnisse immer wieder realistisch und konkret in die Aufarbeitung der lokalen Geschichte ein.<\/p>\n<p><strong>AG &#8222;Stolpersteine in Hemer&#8220; unterst\u00fctzt<\/strong><\/p>\n<p>Zahlreiche Hinweise im Stadtarchiv belegen ihren jahrzehntelangen Einsatz, die Schicksale j\u00fcdischer Mitb\u00fcrgerinnen und Mitb\u00fcrger korrekt zu dokumentieren und zu erg\u00e4nzen. Im Jahr 2008 setzte sie die Verlegung eines Stolpersteins f\u00fcr ihren Vater Artur Gottschalk durch. Auch in den vergangenen Jahren unterst\u00fctzte sie die Arbeitsgruppe &#8222;Stolpersteine in Hemer&#8220; intensiv \u2013 unter anderem durch unz\u00e4hlige E-Mails und Nachrichten aus Israel, mit denen sie Recherchen begleitete, Fragen beantwortete und das Projekt als Leitfigur pr\u00e4gte. Ihr besonderes Anliegen ist es, junge Menschen zum Erinnern zu ermutigen und damit einen Beitrag f\u00fcr eine verantwortungsvolle Zukunft zu leisten. Shoshana Avimeir-Gottschalk konnte die Auszeichnung pers\u00f6nlich leider nicht entgegennehmen, da die 95-J\u00e4hrige in Israel lebt.<\/p>\n<p><strong>Ein Leben f\u00fcr den Sport<\/strong><\/p>\n<p>Seit Jahrzehnten bereichert Heike Nitz-R\u00f6ther das Ehrenamt in der Stadt Hemer. Mit Energie, Tatkraft und Herzensw\u00e4rme engagiert sie sich insbesondere im Sport. Als \u00dcbungsleiterin beim SV Hemer e.V. und beim TV Hemer 1862 e.V. begeistert sie Menschen und vermittelt Freude an Bewegung. Als zweite Vorsitzende des SV Hemer tr\u00e4gt sie seit vielen Jahren Verantwortung und st\u00e4rkt das Vereinsleben nachhaltig.<\/p>\n<p><strong>Mitarbeit im Kunstverein<\/strong><\/p>\n<p>Bereits 2010 wurde ihr sportliches Engagement vom Stadtsportverband gew\u00fcrdigt. Dar\u00fcber hinaus engagierte sich Heike Nitz-R\u00f6ther viele Jahre ehrenamtlich im Kunstverein Hemer, wo sie bis 2022 zahlreiche Projekte und Ausstellungen mitgestaltete. Auch danach blieb sie der Kunst verbunden und entwickelte sich ab 2024 zu einer wichtigen Impulsgeberin f\u00fcr aktive Kunstschaffende in Hemer. Mit dem Angebot &#8222;Sport im Park&#8220; setzte sie im Sommer 2024 zudem besondere Akzente und schuf mit Drums-Alive-Kursen ein neues Gemeinschaftsgef\u00fchl f\u00fcr Menschen aller Altersgruppen. Heike Nitz-R\u00f6ther ist \u2013 ebenso wie der dritte neue Ehrennadeltr\u00e4ger \u2013 eine treibende Kraft f\u00fcr Gemeinschaft und Partnerschaft. Sie sowie Heinz-J\u00f6rg H\u00fccking betonten, dass sie die Auszeichnung stellvertretend f\u00fcr die vielen helfenden H\u00e4nde in den Vereinen und Stadtteilen entgegenn\u00e4hmen.<\/p>\n<p><strong>St\u00e4dtepartnerschaft als Leidenschaft<\/strong><\/p>\n<p>Heinz-J\u00f6rg H\u00fccking engagiert sich seit seiner Kindheit mit gro\u00dfer Leidenschaft f\u00fcr die St\u00e4dtepartnerschaft zwischen Hemer und Steenwerck. Seit M\u00e4rz 2015 ist er als Partnerschaftsbeauftragter aktiv und wirbt kontinuierlich um neue Mitstreiterinnen und Mitstreiter. Dar\u00fcber hinaus ist er seit 1982 Mitglied im M\u00e4nnergesangverein Oese 1883 e.V. und f\u00fchrt den Verein seit 2002 als Vorsitzender. Trotz schwieriger Rahmenbedingungen h\u00e4lt er den Chor lebendig und hat mit Ideen, Projekten und gro\u00dfem pers\u00f6nlichen Einsatz zur Stabilit\u00e4t des Vereins beigetragen.<\/p>\n<p><strong>Motor zahlreicher Veranstaltungen<\/strong><\/p>\n<p>Als Vorsitzender der Vereinsgemeinschaft Becke ist Heinz-J\u00f6rg H\u00fccking Initiator und Motor zahlreicher Veranstaltungen, darunter der Dorfpokal, die &#8222;Spiele ohne Grenzen&#8220;, der Scheunenadvent und die Gedenkfeier am Volkstrauertag. Auch bei der Pr\u00e4sentation des Ortsteils Becke im Rahmen der Landesgartenschau \u00fcbernahm er eine f\u00fchrende Rolle. Besonders gesch\u00e4tzt wird seine stetige Hilfsbereitschaft: F\u00fcr viele Menschen in Becke ist er ein verl\u00e4sslicher Ansprechpartner und eine tragende Pers\u00f6nlichkeit des gemeinschaftlichen Lebens.<\/p>\n<p><strong>Mit der Verleihung der Ehrennadeln w\u00fcrdigt die Stadt Hemer das au\u00dfergew\u00f6hnliche ehrenamtliche Engagement dieser drei Pers\u00f6nlichkeiten, die auf ganz unterschiedliche Weise das gesellschaftliche Leben in Hemer nachhaltig bereichern.<\/strong><\/p>\n<p>&nbsp;<\/p>\n","protected":false},"excerpt":{"rendered":"<p>Shoshana Avimeir-Gottschalk, Heike Nitz-R\u00f6ther und Heinz-J\u00f6rg H\u00fccking ausgezeichnet (PSH). In  [&#8230;]<\/p>\n","protected":false},"author":3,"featured_media":23501,"comment_status":"closed","ping_status":"closed","sticky":false,"template":"","format":"standard","meta":{"two_page_speed":[],"footnotes":""},"categories":[9,10],"tags":[],"class_list":["post-23497","post","type-post","status-publish","format-standard","has-post-thumbnail","hentry","category-gute-nachricht","category-staedte-und-gemeinden"],"_links":{"self":[{"href":"https:\/\/www.mk-journal.de\/index.php\/wp-json\/wp\/v2\/posts\/23497","targetHints":{"allow":["GET"]}}],"collection":[{"href":"https:\/\/www.mk-journal.de\/index.php\/wp-json\/wp\/v2\/posts"}],"about":[{"href":"https:\/\/www.mk-journal.de\/index.php\/wp-json\/wp\/v2\/types\/post"}],"author":[{"embeddable":true,"href":"https:\/\/www.mk-journal.de\/index.php\/wp-json\/wp\/v2\/users\/3"}],"replies":[{"embeddable":true,"href":"https:\/\/www.mk-journal.de\/index.php\/wp-json\/wp\/v2\/comments?post=23497"}],"version-history":[{"count":2,"href":"https:\/\/www.mk-journal.de\/index.php\/wp-json\/wp\/v2\/posts\/23497\/revisions"}],"predecessor-version":[{"id":23500,"href":"https:\/\/www.mk-journal.de\/index.php\/wp-json\/wp\/v2\/posts\/23497\/revisions\/23500"}],"wp:featuredmedia":[{"embeddable":true,"href":"https:\/\/www.mk-journal.de\/index.php\/wp-json\/wp\/v2\/media\/23501"}],"wp:attachment":[{"href":"https:\/\/www.mk-journal.de\/index.php\/wp-json\/wp\/v2\/media?parent=23497"}],"wp:term":[{"taxonomy":"category","embeddable":true,"href":"https:\/\/www.mk-journal.de\/index.php\/wp-json\/wp\/v2\/categories?post=23497"},{"taxonomy":"post_tag","embeddable":true,"href":"https:\/\/www.mk-journal.de\/index.php\/wp-json\/wp\/v2\/tags?post=23497"}],"curies":[{"name":"wp","href":"https:\/\/api.w.org\/{rel}","templated":true}]}}