{"id":23502,"date":"2025-12-19T18:23:19","date_gmt":"2025-12-19T16:23:19","guid":{"rendered":"https:\/\/www.mk-journal.de\/?p=23502"},"modified":"2025-12-19T18:23:19","modified_gmt":"2025-12-19T16:23:19","slug":"maerkische-sozialstiftung-unterstuetzt-ehrenamtliches-engagement","status":"publish","type":"post","link":"https:\/\/www.mk-journal.de\/index.php\/2025\/12\/19\/maerkische-sozialstiftung-unterstuetzt-ehrenamtliches-engagement\/","title":{"rendered":"M\u00e4rkische Sozialstiftung unterst\u00fctzt ehrenamtliches Engagement"},"content":{"rendered":"<p>(pmk). Drei ehrenamtliche soziale Projekte aus dem Kinder- und Jugendbereich d\u00fcrfen sich dieses Jahr \u00fcber Spendengelder in H\u00f6he von insgesamt 6.000 Euro aus den Ertr\u00e4gen der M\u00e4rkischen Sozialstiftung freuen. Die Vertreterinnen und Vertreter der Initiativen aus L\u00fcdenscheid und Plettenberg stellten Landrat Ralf Schwarzkopf, Fachbereichsleiter Manfred Fischer und Fachdienstleiterin Anja Tadday-Schlichting ihre Arbeit im L\u00fcdenscheider Kreishaus vor<\/p>\n<p><strong>Drei verschiedene Projekte<\/strong><\/p>\n<p>Landrat Ralf Schwarzkopf w\u00fcrdigte die hervorragende Arbeit und das beispielhafte ehrenamtliche Engagement in den verschiedenen Jugendprojekten. F\u00fcr das Gruppenangebot \u201eDie Schatzinsel\u201c, das sich an Kinder mit psychisch erkrankten Eltern richtet, nahm Katrin Nockemann vom Kinderschutzbund Ortsverband L\u00fcdenscheid einen symbolischen Scheck in H\u00f6he von 3.000 Euro entgegen. Die Trauerbegleitung f\u00fcr Kinder, in der sich unter anderem Ute Gall und Marielle Lauermann vom Arche Care Haus L\u00fcdenscheid engagieren, wird mit einer Spende in H\u00f6he von 2.000 Euro unterst\u00fctzt. F\u00fcr das Projekt \u201eGuter Schulstart\u201c des Diakonischen Werks L\u00fcdenscheid-Plettenberg freuten sich die ehrenamtlichen Mitarbeiter J\u00fcrgen Kaiser und Martin Schille f\u00fcr die Anerkennung ihrer Arbeit und die Finanzspritze von 1.000 Euro. Im Rahmen des Projekts werden Kindern aus finanziell benachteiligten Familien Tornister zum Schulstart zur Verf\u00fcgung gestellt.<\/p>\n<p><strong>Nachlass einer kinderlosen Witwe<\/strong><\/p>\n<p>Erm\u00f6glicht werden die Spenden durch die M\u00e4rkische Sozialstiftung, die vom M\u00e4rkischen Kreis ohne zus\u00e4tzliche Verwaltungskosten betreut wird. Die Gelder stammen aus dem Nachlass einer kinderlosen Witwe aus Hemer. Sie hatte dem Kreis eine sechsstellige Summe hinterlassen mit der Ma\u00dfgabe, das Geld f\u00fcr Kinder und Jugendliche auszugeben. Das Verm\u00f6gen ist gut angelegt, sodass der Kreis j\u00e4hrlich Ertr\u00e4ge eins zu eins an verschiedene soziale Projekte aussch\u00fctten kann. In den vergangenen Jahren waren das in der Regel Betr\u00e4ge bis zu 4.000 Euro. In diesem Jahr konnte die Summe durch eine weitere kleine Erbschaft aufgestockt werden. Ein sch\u00f6nes Beispiel, auch nach dem Tod nachhaltig Gutes zu bewirken und in Erinnerung zu bleiben.<\/p>\n<p><strong>Die Projekte:<\/strong><\/p>\n<p>Das Gruppenangebot <strong>Die Schatzinsel<\/strong> des Kinderschutzbunds L\u00fcdenscheid bietet Kindern, deren Vater oder Mutter unter einer psychischen Belastung leiden, eine Auszeit mit viel Raum f\u00fcr Spiel und Spa\u00df, aber auch mit Unterst\u00fctzung und Rat. Die Gruppe hilft den Kindern unter anderem zu verstehen, was mit den Eltern los ist, sich weniger Sorgen zu machen und Entlastung zu finden. Kontakt: <a href=\"mailto:info@kinderschutzbund-luedenscheid.de\">info@kinderschutzbund-luedenscheid.de<\/a><\/p>\n<p>Mit dem pr\u00e4ventiven Projekt <strong>\u201eAbschied nehmen\u201c<\/strong> in der Kita unterst\u00fctzt das Arche Care Haus Kinder bereits im fr\u00fchen Kindesalter, Bew\u00e4ltigungsstrategien zu erlernen im Umgang mit Trauer und Verlustsituationen. Kontakt f\u00fcr Kitas und Multiplikatoren: <a href=\"mailto:Trauerbegleitung@arche-luedenscheid.de\">Trauerbegleitung@arche-luedenscheid.de<\/a><\/p>\n<p>Am Tag der Einschulung sollen Kinder aus finanziell benachteiligten Familien nicht schon als Au\u00dfenseiter ausgegrenzt werden. Das Projekt <strong>\u201eGuter Schulstart\u201c<\/strong> der Freiwilligenzentrale des Diakonischen Werks in Plettenberg erm\u00f6glicht es, dass Kinder mit einem ordentlichen Schulranzen in das Schulleben starten. Kontakt: J\u00fcrgen Kaiser Telefon: 0160\/97394665.<\/p>\n<p>&nbsp;<\/p>\n","protected":false},"excerpt":{"rendered":"<p>(pmk). Drei ehrenamtliche soziale Projekte aus dem Kinder- und Jugendbereich  [&#8230;]<\/p>\n","protected":false},"author":3,"featured_media":23503,"comment_status":"closed","ping_status":"closed","sticky":false,"template":"","format":"standard","meta":{"two_page_speed":[],"footnotes":""},"categories":[11],"tags":[],"class_list":["post-23502","post","type-post","status-publish","format-standard","has-post-thumbnail","hentry","category-maerkischer-kreis"],"_links":{"self":[{"href":"https:\/\/www.mk-journal.de\/index.php\/wp-json\/wp\/v2\/posts\/23502","targetHints":{"allow":["GET"]}}],"collection":[{"href":"https:\/\/www.mk-journal.de\/index.php\/wp-json\/wp\/v2\/posts"}],"about":[{"href":"https:\/\/www.mk-journal.de\/index.php\/wp-json\/wp\/v2\/types\/post"}],"author":[{"embeddable":true,"href":"https:\/\/www.mk-journal.de\/index.php\/wp-json\/wp\/v2\/users\/3"}],"replies":[{"embeddable":true,"href":"https:\/\/www.mk-journal.de\/index.php\/wp-json\/wp\/v2\/comments?post=23502"}],"version-history":[{"count":1,"href":"https:\/\/www.mk-journal.de\/index.php\/wp-json\/wp\/v2\/posts\/23502\/revisions"}],"predecessor-version":[{"id":23504,"href":"https:\/\/www.mk-journal.de\/index.php\/wp-json\/wp\/v2\/posts\/23502\/revisions\/23504"}],"wp:featuredmedia":[{"embeddable":true,"href":"https:\/\/www.mk-journal.de\/index.php\/wp-json\/wp\/v2\/media\/23503"}],"wp:attachment":[{"href":"https:\/\/www.mk-journal.de\/index.php\/wp-json\/wp\/v2\/media?parent=23502"}],"wp:term":[{"taxonomy":"category","embeddable":true,"href":"https:\/\/www.mk-journal.de\/index.php\/wp-json\/wp\/v2\/categories?post=23502"},{"taxonomy":"post_tag","embeddable":true,"href":"https:\/\/www.mk-journal.de\/index.php\/wp-json\/wp\/v2\/tags?post=23502"}],"curies":[{"name":"wp","href":"https:\/\/api.w.org\/{rel}","templated":true}]}}