{"id":23511,"date":"2025-12-19T18:56:16","date_gmt":"2025-12-19T16:56:16","guid":{"rendered":"https:\/\/www.mk-journal.de\/?p=23511"},"modified":"2025-12-19T18:56:16","modified_gmt":"2025-12-19T16:56:16","slug":"stefan-herbel-erneut-zum-vorsitzenden-des-jugendhilfeausschusses-gewaehlt","status":"publish","type":"post","link":"https:\/\/www.mk-journal.de\/index.php\/2025\/12\/19\/stefan-herbel-erneut-zum-vorsitzenden-des-jugendhilfeausschusses-gewaehlt\/","title":{"rendered":"Stefan Herbel erneut zum Vorsitzenden des Jugendhilfeausschusses gew\u00e4hlt"},"content":{"rendered":"<p>(pmk). Der Jugendhilfeausschuss des M\u00e4rkischen Kreises hat sich jetzt zu seiner konstituierenden Sitzung im neuen Sitzungssaal des L\u00fcdenscheider Kreishauses getroffen. Bis zur Wahl des Ausschussvorsitzenden leitete Landrat Ralf Schwarzkopf die Sitzung und verpflichtete die neuen sachkundigen B\u00fcrger.<\/p>\n<p><strong>26 Jahre im Kreistag<\/strong><\/p>\n<p>Zu seinem Vorsitzenden w\u00e4hlte der Ausschuss einstimmig erneut Stefan Herbel (CDU) aus Nachrodt-Wiblingwerde. Herbel ist bereits seit 26 Jahren Mitglied des Kreistags und des Jugendhilfeausschusses. Auch f\u00fcr seine dritte Legislaturperiode als Vorsitzender des Jugendhilfeausschusses w\u00fcnschte er sich eine gute und vertrauensvolle Zusammenarbeit. Zu seiner Stellvertreterin wurde Ulrike Wolfinger (SPD) aus Neuenrade gew\u00e4hlt.<\/p>\n<p><strong>Leitziele vorgestellt<\/strong><\/p>\n<p>Zur Einf\u00fchrung f\u00fcr die neuen Mitglieder des Ausschusses stellte das Jugendamt die strategischen Leitziele vor, die der Jugendhilfeausschuss gemeinsam mit der Verwaltung 2022 in einem Workshop mit dem LWL-Landesjugendamt (LWL) erarbeitet hat. Zus\u00e4tzlich gab es einen \u00dcberblick zum Stand der Umsetzung. Silke Hufenbach, Fachdienstleiterin Soziale Dienste, informierte zum Leitziel Chancengleichheit, \u00fcber das Careleaver Konzept: Ehemalige Kinder aus der station\u00e4ren Jugendhilfe sollen bei alltagspraktischen Fragen weiterhin Anlaufstellen bei den freien Tr\u00e4gern haben. Das Konzept soll 2026 weiter evaluiert werden. \u00a0Zum Thema Partizipation von Kindern, Jugendlichen und Eltern im Hilfeplanverfahren ist im Februar 2026 ein interner Fachtag mit dem LWL geplant.<\/p>\n<p><strong>Kinderbetreuung vorangetrieben<\/strong><\/p>\n<p>Den Ausbau und Erhalt der Kinderbetreuungspl\u00e4tze sowohl in Kindertageseinrichtungen auch in der Kindertagespflege hat das Jugendamt vorangetrieben und die U3 Versorgungsquote vorzeitig erreicht. Zur Umsetzung des OGS-Rechtsanspruchs seien in Zusammenarbeit mit den kommunalen Schulverwaltungs\u00e4mtern mehrere Kooperationsvereinbarungen in Arbeit, f\u00fchrte Jugendamtsleiter Mathias Sauerland aus. Im Bereich Qualit\u00e4tsmanagement hat das Jugendamt aufbauend auf dem Fachcontrolling eine Struktur f\u00fcr ein neues Berichtswesen des Jugendamtes entwickelt.<\/p>\n<p><strong>Richtlinien werden \u00fcberarbeitet<\/strong><\/p>\n<p>Christian Weisheit, Fachdienstleiter Kindesunterhalt und wirtschaftliche Erziehungshilfe, berichtete, dass die Richtlinien \u00fcber die Gew\u00e4hrung wirtschaftlicher Hilfen \u00fcberarbeitet und im Sommer von den politischen Gremien beschlossen und ver\u00f6ffentlicht wurden. Bei der Personal- und Ressourcenplanung wird voraussichtlich ab April 2026 eine neue Fachanwendung Wirtschaftliche Jugendhilfe eingesetzt.<\/p>\n<p><strong>Pr\u00e4ventionskonzept zur\u00fcckgestellt<\/strong><\/p>\n<p>Fabian Kl\u00e4s, Fachdienstleiter Planung und Steuerung, informierte den Ausschuss, dass die Erstellung eines kommunalen Pr\u00e4ventionskonzepts aus personellen Gr\u00fcnden zur\u00fcckgestellt werden musste. An dem Kooperationsverbund BEAGLE (Begleitung von Anfang an durch Gesundheitsf\u00f6rderung und Lebensweltorientierung) im n\u00f6rdlichen M\u00e4rkischen Kreis (Balve, Neuenrade), der Sicherstellung eines Lotsendienstes sowie einer Schrei- und Schlafambulanz nimmt das Kreisjugendamt teil.<\/p>\n<p><strong>Qualit\u00e4tsentwicklung im Kinderschutz<\/strong><\/p>\n<p>Einen hohen Stellenwert hat die Qualit\u00e4tsentwicklung im Kinderschutz. Dazu haben 2025 vier Fallwerkst\u00e4tten unter Beteiligung des LWL-Landesjugendamtes stattgefunden. Zudem wurde das standardisierte Verfahren bei einer Kindeswohlgef\u00e4hrdung aktualisiert. Aktuell schult, ber\u00e4t und begleitet das Jugendamt 47 ehrenamtliche Vorm\u00fcnder.<\/p>\n<p><strong>Zum Hintergrund <\/strong><\/p>\n<p>Das Jugendamt des M\u00e4rkischen Kreises ist zust\u00e4ndig f\u00fcr die St\u00e4dte und Gemeinden Balve, Halver, Herscheid, Kierspe, Meinerzhagen, Nachrodt-Wiblingwerde, Neuenrade und Schalksm\u00fchle ohne eigenes Jugendamt. Anders als alle anderen Aussch\u00fcsse ist der Jugendhilfeausschuss (JHA) fester Bestandteil des Jugendamtes. Der JHA ist insofern nicht nur politisches Gremium, sondern auch Teil der Verwaltung. Auch nach den Kommunalwahlen bleibt der Jugendhilfeausschuss solange in alter Besetzung bestehen, bis sich ein neuer JHA konstituiert hat.<\/p>\n<p>Der Gesetzgeber hat nicht nur die Bildung, sondern auch die Zusammensetzung genauestens vorgeschrieben. Dem JHA geh\u00f6ren stimmberechtigt zu dreif\u00fcnftel Kreistagsmitglieder und zu zweif\u00fcnftel Vertreter von anerkannten Tr\u00e4gern der freien Jugendhilfe an. Zudem ist f\u00fcr jedes Mitglied eine pers\u00f6nliche Stellvertretung zu benennen. Eine weitere Besonderheit ist, dass dem JHA weitere beratende Mitglieder ohne Stimmrecht angeh\u00f6ren; und zwar Vertreter der Schule, der Arbeitsverwaltung, der Justiz, der Kirchen etc. Auch die Verwaltung (Beh\u00f6rdenleiter oder ein von ihm bestellter Vertreter), die Jugendamtsleitung und der Vertreter des Jugendamtselternbeirates sind beratende Mitglieder.<\/p>\n<p>Daneben gibt es noch viele weitere Besonderheiten und Vorgaben, die insgesamt die Bedeutung zeigen, die der Gesetzgeber diesem Ausschuss beimisst. Aufgabe des JHA ist es, Rahmen vorzugeben, Grundsatzentscheidungen zu treffen und zu steuern, f\u00fcr alles, was Kinder, Jugendliche, junge Erwachsene und Eltern an Angeboten der Jugendhilfe in ihrer Kommune vorfinden. Dies reicht vom Ausbau der U-3-Betreuung \u00fcber die Jugendsozialarbeit, Hilfen zur Erziehung bis zum Unterhaltsrecht \u2013 Im Mittelpunkt dabei steht immer das Kindeswohl, das zu bewahren und zu sch\u00fctzen ist. Zudem hat der JHA eine Lobby-Funktion f\u00fcr die Interessen von Kindern, Jugendlichen und Familien: Der JHA soll positive Lebensbedingungen f\u00fcr junge Menschen und ihre Familien erhalten und\/oder schaffen. Gleiches gilt f\u00fcr eine kinder- und familienfreundliche Umwelt.<\/p>\n","protected":false},"excerpt":{"rendered":"<p>(pmk). Der Jugendhilfeausschuss des M\u00e4rkischen Kreises hat sich jetzt zu  [&#8230;]<\/p>\n","protected":false},"author":3,"featured_media":23512,"comment_status":"closed","ping_status":"closed","sticky":false,"template":"","format":"standard","meta":{"two_page_speed":[],"footnotes":""},"categories":[11],"tags":[],"class_list":["post-23511","post","type-post","status-publish","format-standard","has-post-thumbnail","hentry","category-maerkischer-kreis"],"_links":{"self":[{"href":"https:\/\/www.mk-journal.de\/index.php\/wp-json\/wp\/v2\/posts\/23511","targetHints":{"allow":["GET"]}}],"collection":[{"href":"https:\/\/www.mk-journal.de\/index.php\/wp-json\/wp\/v2\/posts"}],"about":[{"href":"https:\/\/www.mk-journal.de\/index.php\/wp-json\/wp\/v2\/types\/post"}],"author":[{"embeddable":true,"href":"https:\/\/www.mk-journal.de\/index.php\/wp-json\/wp\/v2\/users\/3"}],"replies":[{"embeddable":true,"href":"https:\/\/www.mk-journal.de\/index.php\/wp-json\/wp\/v2\/comments?post=23511"}],"version-history":[{"count":1,"href":"https:\/\/www.mk-journal.de\/index.php\/wp-json\/wp\/v2\/posts\/23511\/revisions"}],"predecessor-version":[{"id":23513,"href":"https:\/\/www.mk-journal.de\/index.php\/wp-json\/wp\/v2\/posts\/23511\/revisions\/23513"}],"wp:featuredmedia":[{"embeddable":true,"href":"https:\/\/www.mk-journal.de\/index.php\/wp-json\/wp\/v2\/media\/23512"}],"wp:attachment":[{"href":"https:\/\/www.mk-journal.de\/index.php\/wp-json\/wp\/v2\/media?parent=23511"}],"wp:term":[{"taxonomy":"category","embeddable":true,"href":"https:\/\/www.mk-journal.de\/index.php\/wp-json\/wp\/v2\/categories?post=23511"},{"taxonomy":"post_tag","embeddable":true,"href":"https:\/\/www.mk-journal.de\/index.php\/wp-json\/wp\/v2\/tags?post=23511"}],"curies":[{"name":"wp","href":"https:\/\/api.w.org\/{rel}","templated":true}]}}