{"id":23534,"date":"2025-12-21T12:38:19","date_gmt":"2025-12-21T10:38:19","guid":{"rendered":"https:\/\/www.mk-journal.de\/?p=23534"},"modified":"2025-12-21T12:38:19","modified_gmt":"2025-12-21T10:38:19","slug":"ausflug-zur-burg-altena-und-dem-deutschen-drahtmuseum","status":"publish","type":"post","link":"https:\/\/www.mk-journal.de\/index.php\/2025\/12\/21\/ausflug-zur-burg-altena-und-dem-deutschen-drahtmuseum\/","title":{"rendered":"Ausflug zur Burg Altena und dem Deutschen Drahtmuseum"},"content":{"rendered":"<p>(pmk). Abwechslung in den Weihnachtsferien? Die Burg Altena und das Deutsches Drahtmuseum laden am zweiten Weihnachtstag (Freitag, 26. Dezember) von 11 bis 18 Uhr und zwischen den Feiertagen zum Besuch ein. Wie gewohnt bleiben die Museen montags, an Heiligabend, am ersten Weihnachtsfeiertag (Donnerstag, 25. Dezember) sowie an Silvester (Mittwoch, 31. Dezember) und Neujahr geschlossen.<\/p>\n<p><strong>Eintritt freiwillig<\/strong><\/p>\n<p>Anstelle eines verbindlichen Eintritts hei\u00dft es in den Museen des M\u00e4rkischen Kreises \u201eBezahle, was du willst\/Pay what you want\u201c, wodurch der Besuch der H\u00f6henburg gerade f\u00fcr Familien ein attraktives Ziel ist. Zus\u00e4tzlich zur Dauerausstellung ist auf der Burg Altena aktuell die Sonderausstellung \u201eR\u00fcckblick \u2013 150 Jahre Museumsgeschichte in Altena\u201c zu sehen.<\/p>\n<p><strong>Museumsshop ge\u00f6ffnet<\/strong><\/p>\n<p>Wer kurzfristig noch ein Weihnachtsgeschenk sucht, der wird in den Museumshops der beiden Einrichtungen f\u00fcndig. F\u00fcr Heimatverbundene und Geschichtsinteressierte bietet sich der reichbebilderte Ausstellungskatalog zur Sonderausstellung an. Er kostet 13 Euro, ist in den Museen erh\u00e4ltlich und kann beim Verlag (Tel.: 0211 9 15 28 81, E-Mail: <a href=\"mailto:kontakt@schwarzbunt-verlag.de\">kontakt@schwarzbunt-verlag.de<\/a>) \u00a0bestellt werden.<\/p>\n<p><strong>Burg wird angestrahlt<\/strong><\/p>\n<p>Wundersch\u00f6n: Bei Einbruch der Dunkelheit erstrahlt die Burg Altena bis zum 6. Januar 2026 im Glanzlicht. Die weithin sichtbare Lichtinszenierung taucht die Au\u00dfenfassade der Burg Altena sowie die Burgh\u00f6fe in eindrucksvolle Farben. Die allgemeinen \u00d6ffnungszeiten der Museen, die auch in den Weihnachtsferien gelten: montags geschlossen, Dienstag bis Freitag: 9.30 bis 17 Uhr, Samstag, Sonntag, Feiertag: 11 bis 18 Uhr. Weitere Informationen unter: <a href=\"https:\/\/www.burg-altena.de\">https:\/\/www.burg-altena.de<\/a><\/p>\n","protected":false},"excerpt":{"rendered":"<p>(pmk). Abwechslung in den Weihnachtsferien? Die Burg Altena und das  [&#8230;]<\/p>\n","protected":false},"author":3,"featured_media":23535,"comment_status":"closed","ping_status":"closed","sticky":false,"template":"","format":"standard","meta":{"two_page_speed":[],"footnotes":""},"categories":[13],"tags":[],"class_list":["post-23534","post","type-post","status-publish","format-standard","has-post-thumbnail","hentry","category-was-und-wo"],"_links":{"self":[{"href":"https:\/\/www.mk-journal.de\/index.php\/wp-json\/wp\/v2\/posts\/23534","targetHints":{"allow":["GET"]}}],"collection":[{"href":"https:\/\/www.mk-journal.de\/index.php\/wp-json\/wp\/v2\/posts"}],"about":[{"href":"https:\/\/www.mk-journal.de\/index.php\/wp-json\/wp\/v2\/types\/post"}],"author":[{"embeddable":true,"href":"https:\/\/www.mk-journal.de\/index.php\/wp-json\/wp\/v2\/users\/3"}],"replies":[{"embeddable":true,"href":"https:\/\/www.mk-journal.de\/index.php\/wp-json\/wp\/v2\/comments?post=23534"}],"version-history":[{"count":1,"href":"https:\/\/www.mk-journal.de\/index.php\/wp-json\/wp\/v2\/posts\/23534\/revisions"}],"predecessor-version":[{"id":23536,"href":"https:\/\/www.mk-journal.de\/index.php\/wp-json\/wp\/v2\/posts\/23534\/revisions\/23536"}],"wp:featuredmedia":[{"embeddable":true,"href":"https:\/\/www.mk-journal.de\/index.php\/wp-json\/wp\/v2\/media\/23535"}],"wp:attachment":[{"href":"https:\/\/www.mk-journal.de\/index.php\/wp-json\/wp\/v2\/media?parent=23534"}],"wp:term":[{"taxonomy":"category","embeddable":true,"href":"https:\/\/www.mk-journal.de\/index.php\/wp-json\/wp\/v2\/categories?post=23534"},{"taxonomy":"post_tag","embeddable":true,"href":"https:\/\/www.mk-journal.de\/index.php\/wp-json\/wp\/v2\/tags?post=23534"}],"curies":[{"name":"wp","href":"https:\/\/api.w.org\/{rel}","templated":true}]}}