{"id":23580,"date":"2025-12-22T12:04:46","date_gmt":"2025-12-22T10:04:46","guid":{"rendered":"https:\/\/www.mk-journal.de\/?p=23580"},"modified":"2025-12-22T12:05:08","modified_gmt":"2025-12-22T10:05:08","slug":"seniorenbeirat-der-stadt-hemer-nimmt-arbeit-auf","status":"publish","type":"post","link":"https:\/\/www.mk-journal.de\/index.php\/2025\/12\/22\/seniorenbeirat-der-stadt-hemer-nimmt-arbeit-auf\/","title":{"rendered":"Seniorenbeirat der Stadt Hemer nimmt Arbeit auf"},"content":{"rendered":"<p>(PSH). Hemers B\u00fcrgermeister Christian Schweitzer begr\u00fc\u00dfte jetzt das neu gew\u00e4hltes Gremium in der letzten Ratssitzung des Jahres In der letzten Ratssitzung des Jahres wurde der neu gew\u00e4hlte Seniorenbeirat offiziell in sein Amt eingef\u00fchrt. Vorsitzender ist ab sofort Dr. Ulrich Fricke.<\/p>\n<p><strong>Dr. Ulrich Fricke Vorsitzender<\/strong><\/p>\n<p>Dem Gremium geh\u00f6ren neben Dr. Ulrich Fricke in den n\u00e4chsten f\u00fcnf Jahren Birgit B\u00fcchner, Helmut Winner, Anton Falk, Elfriede De Sanctis, Rainer Krause und Ingrid Schulte an. Als stellvertretende Mitglieder wirken Lothar Piekatz sowie Bernhard-Erhard Hergenr\u00f6der mit. Erg\u00e4nzt wird der Seniorenbeirat durch beratende Mitglieder aus den im Rat vertretenen Fraktionen. F\u00fcr die CDU-Fraktion wurde Wolf-R\u00fcdiger Kuhlmann benannt, f\u00fcr die SPD-Fraktion Christiane Paufler-Klein, f\u00fcr die AfD-Fraktion Helmut Erner, f\u00fcr die GAH-Fraktion Claus Karst, f\u00fcr die Fraktion Die Linke Lutz Funk, f\u00fcr die FDP-Fraktion Bernd Bohm sowie f\u00fcr die UWG-Fraktion Heike K\u00f6ster. Der Seniorenbeirat der Stadt Hemer ist auch im Internet unter <a href=\"http:\/\/www.seniorenbeirat-hemer.de\">www.seniorenbeirat-hemer.de<\/a> zu finden. Die Mitglieder sind zudem per E-Mail unter <a href=\"mailto:info@seniorenbeirat-hemer.de\">info@seniorenbeirat-hemer.de<\/a> erreichbar.<\/p>\n<p><strong>Ehemalige Mitglieder verabschiedet<\/strong><\/p>\n<p>Im Rahmen der Ratssitzung wurden zugleich die ausgeschiedenen Mitglieder des Seniorenbeirates verabschiedet. B\u00fcrgermeister Christian Schweitzer dankte Marita Eckenbach, Jutta Wienand und Manfred Eichinger, die dem Beirat als ordentliche Mitglieder angeh\u00f6rten, sowie Erika Breder, die als Fraktionsvertreterin der UWG t\u00e4tig war, f\u00fcr ihr langj\u00e4hriges Engagement und ihren Einsatz f\u00fcr die Belange der \u00e4lteren B\u00fcrgerinnen und B\u00fcrger in Hemer.<\/p>\n<p>&nbsp;<\/p>\n","protected":false},"excerpt":{"rendered":"<p>(PSH). Hemers B\u00fcrgermeister Christian Schweitzer begr\u00fc\u00dfte jetzt das neu gew\u00e4hltes  [&#8230;]<\/p>\n","protected":false},"author":3,"featured_media":23581,"comment_status":"closed","ping_status":"closed","sticky":false,"template":"","format":"standard","meta":{"two_page_speed":[],"footnotes":""},"categories":[10],"tags":[],"class_list":["post-23580","post","type-post","status-publish","format-standard","has-post-thumbnail","hentry","category-staedte-und-gemeinden"],"_links":{"self":[{"href":"https:\/\/www.mk-journal.de\/index.php\/wp-json\/wp\/v2\/posts\/23580","targetHints":{"allow":["GET"]}}],"collection":[{"href":"https:\/\/www.mk-journal.de\/index.php\/wp-json\/wp\/v2\/posts"}],"about":[{"href":"https:\/\/www.mk-journal.de\/index.php\/wp-json\/wp\/v2\/types\/post"}],"author":[{"embeddable":true,"href":"https:\/\/www.mk-journal.de\/index.php\/wp-json\/wp\/v2\/users\/3"}],"replies":[{"embeddable":true,"href":"https:\/\/www.mk-journal.de\/index.php\/wp-json\/wp\/v2\/comments?post=23580"}],"version-history":[{"count":2,"href":"https:\/\/www.mk-journal.de\/index.php\/wp-json\/wp\/v2\/posts\/23580\/revisions"}],"predecessor-version":[{"id":23583,"href":"https:\/\/www.mk-journal.de\/index.php\/wp-json\/wp\/v2\/posts\/23580\/revisions\/23583"}],"wp:featuredmedia":[{"embeddable":true,"href":"https:\/\/www.mk-journal.de\/index.php\/wp-json\/wp\/v2\/media\/23581"}],"wp:attachment":[{"href":"https:\/\/www.mk-journal.de\/index.php\/wp-json\/wp\/v2\/media?parent=23580"}],"wp:term":[{"taxonomy":"category","embeddable":true,"href":"https:\/\/www.mk-journal.de\/index.php\/wp-json\/wp\/v2\/categories?post=23580"},{"taxonomy":"post_tag","embeddable":true,"href":"https:\/\/www.mk-journal.de\/index.php\/wp-json\/wp\/v2\/tags?post=23580"}],"curies":[{"name":"wp","href":"https:\/\/api.w.org\/{rel}","templated":true}]}}