{"id":23590,"date":"2025-12-23T10:38:35","date_gmt":"2025-12-23T08:38:35","guid":{"rendered":"https:\/\/www.mk-journal.de\/?p=23590"},"modified":"2025-12-23T10:38:35","modified_gmt":"2025-12-23T08:38:35","slug":"kreisverwaltung-schliesst-zwischen-den-feiertagen","status":"publish","type":"post","link":"https:\/\/www.mk-journal.de\/index.php\/2025\/12\/23\/kreisverwaltung-schliesst-zwischen-den-feiertagen\/","title":{"rendered":"Kreisverwaltung schlie\u00dft zwischen den Feiertagen"},"content":{"rendered":"<p style=\"line-height: 16.5pt;\"><span style=\"font-family: 'Calibri',sans-serif; color: #153643;\">(pmk). Die Kreish\u00e4user in L\u00fcdenscheid, Altena und Iserlohn bleiben \u201ezwischen den Tagen\u201c am Montag, 29. Dezember, sowie am Dienstag, 30. Dezember, geschlossen. Das gilt auch f\u00fcr die B\u00fcrgerb\u00fcros der Kreisverwaltung in L\u00fcdenscheid und Iserlohn. Ausgenommen von der Regelung sind selbstverst\u00e4ndlich die Kreisleitstelle, der Rettungsdienst und weitere sensible Bereiche.<\/span><\/p>\n","protected":false},"excerpt":{"rendered":"<p>(pmk). Die Kreish\u00e4user in L\u00fcdenscheid, Altena und Iserlohn bleiben \u201ezwischen  [&#8230;]<\/p>\n","protected":false},"author":3,"featured_media":23591,"comment_status":"closed","ping_status":"closed","sticky":false,"template":"","format":"standard","meta":{"two_page_speed":[],"footnotes":""},"categories":[11],"tags":[],"class_list":["post-23590","post","type-post","status-publish","format-standard","has-post-thumbnail","hentry","category-maerkischer-kreis"],"_links":{"self":[{"href":"https:\/\/www.mk-journal.de\/index.php\/wp-json\/wp\/v2\/posts\/23590","targetHints":{"allow":["GET"]}}],"collection":[{"href":"https:\/\/www.mk-journal.de\/index.php\/wp-json\/wp\/v2\/posts"}],"about":[{"href":"https:\/\/www.mk-journal.de\/index.php\/wp-json\/wp\/v2\/types\/post"}],"author":[{"embeddable":true,"href":"https:\/\/www.mk-journal.de\/index.php\/wp-json\/wp\/v2\/users\/3"}],"replies":[{"embeddable":true,"href":"https:\/\/www.mk-journal.de\/index.php\/wp-json\/wp\/v2\/comments?post=23590"}],"version-history":[{"count":1,"href":"https:\/\/www.mk-journal.de\/index.php\/wp-json\/wp\/v2\/posts\/23590\/revisions"}],"predecessor-version":[{"id":23592,"href":"https:\/\/www.mk-journal.de\/index.php\/wp-json\/wp\/v2\/posts\/23590\/revisions\/23592"}],"wp:featuredmedia":[{"embeddable":true,"href":"https:\/\/www.mk-journal.de\/index.php\/wp-json\/wp\/v2\/media\/23591"}],"wp:attachment":[{"href":"https:\/\/www.mk-journal.de\/index.php\/wp-json\/wp\/v2\/media?parent=23590"}],"wp:term":[{"taxonomy":"category","embeddable":true,"href":"https:\/\/www.mk-journal.de\/index.php\/wp-json\/wp\/v2\/categories?post=23590"},{"taxonomy":"post_tag","embeddable":true,"href":"https:\/\/www.mk-journal.de\/index.php\/wp-json\/wp\/v2\/tags?post=23590"}],"curies":[{"name":"wp","href":"https:\/\/api.w.org\/{rel}","templated":true}]}}