{"id":23597,"date":"2025-12-23T11:00:54","date_gmt":"2025-12-23T09:00:54","guid":{"rendered":"https:\/\/www.mk-journal.de\/?p=23597"},"modified":"2025-12-23T11:00:54","modified_gmt":"2025-12-23T09:00:54","slug":"weihnachtsgruss-von-landrat-ralf-schwarzkopf","status":"publish","type":"post","link":"https:\/\/www.mk-journal.de\/index.php\/2025\/12\/23\/weihnachtsgruss-von-landrat-ralf-schwarzkopf\/","title":{"rendered":"Weihnachtsgru\u00df von Landrat Ralf Schwarzkopf"},"content":{"rendered":"<p><strong>Der Landrat des M\u00e4rkischen Kreises, Ralf Schwarzkopf, wendet sich mit einem Weihnachtsgru\u00df an die B\u00fcrgerinnen und B\u00fcrger des Kreises.<\/strong><\/p>\n<p>\u201eLiebe Mitb\u00fcrgerinnen, liebe Mitb\u00fcrger,<\/p>\n<p>die Adventszeit ist traditionell eine Zeit, in der wir uns Licht und W\u00e4rme w\u00fcnschen. In der wir sp\u00fcren, wie wichtig Zusammenhalt und Gemeinschaft ist. Die Botschaft des Weihnachtsfestes ruft uns dazu auf, diesen Zusammenhalt und die Gemeinschaft zu st\u00e4rken. Es ist die Chance, das Tempo rauszunehmen, zu entschleunigen, aufeinander zuzugehen und das Miteinander zu pflegen. Im Kreise der Familie, mit Freunden oder mit Menschen, die wir m\u00f6gen.<\/p>\n<p>Zugleich sollten wir auch an jene Menschen denken, die nicht nur in der Weihnachtszeit einsam sind. Vielleicht gelingt es uns, ein St\u00fcck Licht weiterzugeben: durch ein offenes Ohr, eine unerwartete Einladung, ein paar freundliche Worte oder eine kleine Geste, die zeigt: \u201eIch denke an Dich\u201c. Manchmal braucht es nicht viel, um einen dunklen Tag ein bisschen heller zu machen.<\/p>\n<p>Das Jahr 2025 verbinden r\u00fcckblickend viele von uns mit besonderen Herausforderungen. Manches war kompliziert, manches anstrengend. Der Blick \u00fcber unsere Grenzen hinaus in die Welt hinein ist bisweilen be\u00e4ngstigend. Wir waren alle \u2013 und sind es ein St\u00fcck weit immer noch \u2013 \u201aKrisenakrobaten\u2018. So beschreibt es der Psychologe Stephan Gr\u00fcnewald eindrucksvoll in seinem Buch \u201aWir Krisenakrobaten\u2018. \u00a0Wir versuchen, in einer Zeit voller Spannungen, Kriege, Konflikte und Ver\u00e4nderungen das Gleichgewicht zu halten. Umso wichtiger ist es, Krisen nicht im Alleingang bew\u00e4ltigen zu wollen. Sonst droht das Vertrauen zu schwinden. Vertrauen ist aber eines unserer wichtigsten Ressourcen.<\/p>\n<p>Unser Kreis ist nicht nur ein Ort, an dem Menschen Problemen ausgesetzt sind. Im Gegenteil: Sie packen mit an, unterst\u00fctzen, engagieren sich und richten den Blick nach vorne. Wir haben das Gl\u00fcck, ein starkes Fundament aus Ehrenamt, Nachbarschaft, Verantwortungsgef\u00fchl und gro\u00dfem Willen zu haben. Daf\u00fcr m\u00f6chte ich mich an dieser Stelle bei Ihnen allen bedanken! Gerade jetzt zum Jahresende lohnt es sich, auf diese St\u00e4rke zu schauen.<\/p>\n<p>Nun w\u00fcnsche ich Ihnen von Herzen ein gesegnetes und friedliches Weihnachten \u2013 mit W\u00e4rme, Zuversicht und sch\u00f6nen Momenten, die in Erinnerung bleiben. Ich w\u00fcnsche Ihnen Zeit, zur Ruhe zu kommen, Zeit f\u00fcr Gespr\u00e4che und Zeit, um Kraft zu sammeln.<\/p>\n<p>F\u00fcr das neue Jahr w\u00fcnsche ich uns Vertrauen in unsere gemeinsame St\u00e4rke und den Mut, Herausforderungen miteinander statt nebeneinander anzugehen. Dann sind wir nicht nur Krisenakrobaten, sondern Krisen\u00fcberwinder und Zukunftsmacher.<\/p>\n<p><strong>Ihr<\/strong><\/p>\n<p><strong>Ralf Schwarzkopf,<\/strong><\/p>\n<p><strong>Landrat<\/strong><\/p>\n","protected":false},"excerpt":{"rendered":"<p>Der Landrat des M\u00e4rkischen Kreises, Ralf Schwarzkopf, wendet sich mit  [&#8230;]<\/p>\n","protected":false},"author":3,"featured_media":23598,"comment_status":"closed","ping_status":"closed","sticky":false,"template":"","format":"standard","meta":{"two_page_speed":[],"footnotes":""},"categories":[11],"tags":[],"class_list":["post-23597","post","type-post","status-publish","format-standard","has-post-thumbnail","hentry","category-maerkischer-kreis"],"_links":{"self":[{"href":"https:\/\/www.mk-journal.de\/index.php\/wp-json\/wp\/v2\/posts\/23597","targetHints":{"allow":["GET"]}}],"collection":[{"href":"https:\/\/www.mk-journal.de\/index.php\/wp-json\/wp\/v2\/posts"}],"about":[{"href":"https:\/\/www.mk-journal.de\/index.php\/wp-json\/wp\/v2\/types\/post"}],"author":[{"embeddable":true,"href":"https:\/\/www.mk-journal.de\/index.php\/wp-json\/wp\/v2\/users\/3"}],"replies":[{"embeddable":true,"href":"https:\/\/www.mk-journal.de\/index.php\/wp-json\/wp\/v2\/comments?post=23597"}],"version-history":[{"count":1,"href":"https:\/\/www.mk-journal.de\/index.php\/wp-json\/wp\/v2\/posts\/23597\/revisions"}],"predecessor-version":[{"id":23599,"href":"https:\/\/www.mk-journal.de\/index.php\/wp-json\/wp\/v2\/posts\/23597\/revisions\/23599"}],"wp:featuredmedia":[{"embeddable":true,"href":"https:\/\/www.mk-journal.de\/index.php\/wp-json\/wp\/v2\/media\/23598"}],"wp:attachment":[{"href":"https:\/\/www.mk-journal.de\/index.php\/wp-json\/wp\/v2\/media?parent=23597"}],"wp:term":[{"taxonomy":"category","embeddable":true,"href":"https:\/\/www.mk-journal.de\/index.php\/wp-json\/wp\/v2\/categories?post=23597"},{"taxonomy":"post_tag","embeddable":true,"href":"https:\/\/www.mk-journal.de\/index.php\/wp-json\/wp\/v2\/tags?post=23597"}],"curies":[{"name":"wp","href":"https:\/\/api.w.org\/{rel}","templated":true}]}}