{"id":23609,"date":"2025-12-24T11:25:06","date_gmt":"2025-12-24T09:25:06","guid":{"rendered":"https:\/\/www.mk-journal.de\/?p=23609"},"modified":"2025-12-24T11:26:07","modified_gmt":"2025-12-24T09:26:07","slug":"weihnachtsgruss-buergereister-christian-schweitzer","status":"publish","type":"post","link":"https:\/\/www.mk-journal.de\/index.php\/2025\/12\/24\/weihnachtsgruss-buergereister-christian-schweitzer\/","title":{"rendered":"Weihnachtsgru\u00df voln Hemers B\u00fcrgermeister Christian Schweitzer"},"content":{"rendered":"<div class=\"news-text-wrap\">\n<p><strong>\u201eEntscheidend ist, sich der Freiheit nicht erst bewusst zu werden, wenn man sie nicht mehr hat. (\u2026) Die Demokratie klingelt nicht, wenn sie geht.\u201c<\/strong><br \/>\n<i>Christian Wulff, ehemaliger Bundespr\u00e4sident<\/i><\/p>\n<p>Liebe Leserinnen und Leser,<\/p>\n<p>ein ereignisreiches Jahr 2025 neigt sich dem Ende zu \u2013 gepr\u00e4gt von gro\u00dfen Herausforderungen, aber ebenso von vielen Momenten des Zusammenhalts. Ich hoffe, dass Sie die Adventszeit \u2013 trotz Schnelllebigkeit und Alltagsstress \u2013 in stillen Augenblicken der Besinnung genie\u00dfen k\u00f6nnen.<\/p>\n<p>Hemer erinnerte in diesem Jahr mit der Verlegung von zw\u00f6lf Stolpersteinen und einer Stolperschwelle eindrucksvoll an die Opfer des Nationalsozialismus. Diese Initiative zeigt, wie kostbar unsere demokratische Ordnung ist \u2013 und dass ihre Bewahrung eine gemeinsame Aufgabe bleibt. Gerade vor dem Hintergrund des eingangs zitierten Appells von Christian Wulff wird deutlich, wie wichtig Wachsamkeit, Erinnerung und aktives Engagement f\u00fcr unsere freiheitliche Gesellschaft sind.<\/p>\n<p>Einen starken Impuls setzte Christian Wulff im Juni selbst in Hemer, als der fr\u00fchere Bundespr\u00e4sident das Woeste-Gymnasium besuchte. In einem lebhaften Austausch ermutigte er die Sch\u00fclerinnen und Sch\u00fcler, sich f\u00fcr unsere Demokratie einzusetzen \u2013 besonders auch auf kommunaler Ebene.<\/p>\n<p>Im Kommunalwahljahr 2025 endete die 10. Ratsperiode (2020\u20132025) am 2. September mit ihrer 194. Sitzung. In Krisenzeiten bewiesen alle Fraktionen Geschlossenheit; \u00fcber 389 Vorlagen wurden beraten. 38 Ratsmitglieder erhielten f\u00fcr ihr langj\u00e4hriges Engagement die Ehrennadel der Stadt, drei von ihnen zus\u00e4tzlich den Ehrenbrief, ehe sich nach der Kommunalwahl im November der neue Rat konstituiert hat.<\/p>\n<p>Das Ehrenamt pr\u00e4gte das Stadtleben erneut weit \u00fcber die Politik hinaus: B\u00fcrgerschaftliches Engagement ist keine Selbstverst\u00e4ndlichkeit \u2013 es ist die Grundlage daf\u00fcr, dass Hemer funktioniert. Tag f\u00fcr Tag, mit Herz, Zeit und Verantwortung. Veranstaltungen, soziales Leben, Kunst, Kultur und Sport \u2013 all das macht unsere Stadt aus und w\u00e4re ohne die vielen ehrenamtlich Aktiven undenkbar.<\/p>\n<p>Und die Zukunft?<br \/>\nTrotz knapper Mittel und gro\u00dfer Herausforderungen blicke ich optimistisch nach vorn. Der gemeinsame Wille, unsere Stadt lebens- und liebenswert zu erhalten, macht Mut \u2013 im Bewusstsein, dass wir aus dem Gestern f\u00fcr das Morgen lernen und unsere Demokratie sch\u00fctzen m\u00fcssen. Auch damit wir nicht erst dann merken, wie wertvoll Freiheit ist, wenn sie zu verschwinden droht.<\/p>\n<p>Ich danke Ihnen herzlich f\u00fcr Ihr Vertrauen, Ihre Mitwirkung und Ihr Engagement f\u00fcr unsere Stadt. Gemeinsam gestalten wir ein lebendiges und starkes Gemeinwesen.<\/p>\n<p>Ihnen und Ihren Familien w\u00fcnsche ich ein friedvolles und gesegnetes Weihnachtsfest sowie Gesundheit, Gl\u00fcck und Erfolg im neuen Jahr!<\/p>\n<p><strong>Christian Schweitzer<\/strong><br \/>\n<strong>B\u00fcrgermeister der Stadt Hemer<\/strong><\/p>\n<\/div>\n","protected":false},"excerpt":{"rendered":"<p>\u201eEntscheidend ist, sich der Freiheit nicht erst bewusst zu werden,  [&#8230;]<\/p>\n","protected":false},"author":3,"featured_media":23610,"comment_status":"closed","ping_status":"closed","sticky":false,"template":"","format":"standard","meta":{"two_page_speed":[],"footnotes":""},"categories":[10],"tags":[],"class_list":["post-23609","post","type-post","status-publish","format-standard","has-post-thumbnail","hentry","category-staedte-und-gemeinden"],"_links":{"self":[{"href":"https:\/\/www.mk-journal.de\/index.php\/wp-json\/wp\/v2\/posts\/23609","targetHints":{"allow":["GET"]}}],"collection":[{"href":"https:\/\/www.mk-journal.de\/index.php\/wp-json\/wp\/v2\/posts"}],"about":[{"href":"https:\/\/www.mk-journal.de\/index.php\/wp-json\/wp\/v2\/types\/post"}],"author":[{"embeddable":true,"href":"https:\/\/www.mk-journal.de\/index.php\/wp-json\/wp\/v2\/users\/3"}],"replies":[{"embeddable":true,"href":"https:\/\/www.mk-journal.de\/index.php\/wp-json\/wp\/v2\/comments?post=23609"}],"version-history":[{"count":2,"href":"https:\/\/www.mk-journal.de\/index.php\/wp-json\/wp\/v2\/posts\/23609\/revisions"}],"predecessor-version":[{"id":23612,"href":"https:\/\/www.mk-journal.de\/index.php\/wp-json\/wp\/v2\/posts\/23609\/revisions\/23612"}],"wp:featuredmedia":[{"embeddable":true,"href":"https:\/\/www.mk-journal.de\/index.php\/wp-json\/wp\/v2\/media\/23610"}],"wp:attachment":[{"href":"https:\/\/www.mk-journal.de\/index.php\/wp-json\/wp\/v2\/media?parent=23609"}],"wp:term":[{"taxonomy":"category","embeddable":true,"href":"https:\/\/www.mk-journal.de\/index.php\/wp-json\/wp\/v2\/categories?post=23609"},{"taxonomy":"post_tag","embeddable":true,"href":"https:\/\/www.mk-journal.de\/index.php\/wp-json\/wp\/v2\/tags?post=23609"}],"curies":[{"name":"wp","href":"https:\/\/api.w.org\/{rel}","templated":true}]}}