{"id":23707,"date":"2026-01-06T11:36:22","date_gmt":"2026-01-06T09:36:22","guid":{"rendered":"https:\/\/www.mk-journal.de\/?p=23707"},"modified":"2026-01-06T11:36:22","modified_gmt":"2026-01-06T09:36:22","slug":"tannenbaumsammlung-iserlohner-norden","status":"publish","type":"post","link":"https:\/\/www.mk-journal.de\/index.php\/2026\/01\/06\/tannenbaumsammlung-iserlohner-norden\/","title":{"rendered":"Tannenbaumsammlung Iserlohner Norden"},"content":{"rendered":"<p>(ots). Die Freiwilligen Feuerwehren aus dem Iserlohner Norden f\u00fchren seit einigen Jahren die bew\u00e4hrte Tannenbaumsammlung f\u00fcr die B\u00fcrgerinnen und B\u00fcrger in den Ortsteilen Dr\u00fcpplingsen, Kalthof und S\u00fcmmern durch. Neben dem bequemen Service, zur Abholung der ausgedienten und von Lametta befreiten B\u00e4ume, werden die Kameradinnen und Kameraden auch \u00fcber die Arbeit der Freiwilligen Feuerwehr Auskunft geben und um weitere Mitglieder werben. Hierzu startet: &#8211; die L\u00f6schgruppe Dr\u00fcpplingsen, am 10. Januar ab 10.00 Uhr im gesamten Ortsteil Dr\u00fcpplingsen.<\/p>\n<p>&#8211; die L\u00f6schgruppe S\u00fcmmern, bereits am 09. Januar ab 16.30 Uhr im<\/p>\n<p>Bereich Neubaugebiet &#8222;Dahlbreite&#8220; mit der Stra\u00dfe Weideplatz und<\/p>\n<p>im Gebiet um die Uhlenburg mit Nebenstra\u00dfen.<\/p>\n<p>&#8211; Weiterhin f\u00fchrt die L\u00f6schgruppe S\u00fcmmern am Samstag, den<\/p>\n<p>10. Januar ab 09.30 Uhr im restlichen Ortsteil von S\u00fcmmern die<\/p>\n<p>bereits 37. Tannenbaumsammlung in S\u00fcmmern durch.<\/p>\n<p>&#8211; die L\u00f6schgruppe Leckingsen, am 10. Januar ab 09.00 Uhr im<\/p>\n<p>gesamten Ortsteil Kalthof<\/p>\n<p>Die Feuerwehren bitten die B\u00fcrgerinnen und B\u00fcrger darum, die abgeschm\u00fcckten und von Lametta befreiten B\u00e4ume ab den o.g. Zeiten an den Stra\u00dfenrand zu stellen. Die genaue Stra\u00dfenaufteilung kann auch auf der jeweiligen Facebookseite &#8222;L\u00f6schgruppe S\u00fcmmern der Feuerwehr Iserlohn&#8220;, &#8222;L\u00f6schgruppe Dr\u00fcpplingsen der Feuerwehr Iserlohn&#8220; oder &#8222;L\u00f6schgruppe Leckingsen der Feuerwehr Iserlohn&#8220; eingesehen werden. Die Hausbewohner werden gleichzeitig um eine kleine Spende f\u00fcr den F\u00f6rderverein gebeten. Die Kameradinnen und Kameraden k\u00f6nnen sich mit einem Dienstausweis ausweisen.<\/p>\n","protected":false},"excerpt":{"rendered":"<p>(ots). Die Freiwilligen Feuerwehren aus dem Iserlohner Norden f\u00fchren seit  [&#8230;]<\/p>\n","protected":false},"author":3,"featured_media":23708,"comment_status":"closed","ping_status":"closed","sticky":false,"template":"","format":"standard","meta":{"two_page_speed":[],"footnotes":""},"categories":[7],"tags":[],"class_list":["post-23707","post","type-post","status-publish","format-standard","has-post-thumbnail","hentry","category-dies-und-das"],"_links":{"self":[{"href":"https:\/\/www.mk-journal.de\/index.php\/wp-json\/wp\/v2\/posts\/23707","targetHints":{"allow":["GET"]}}],"collection":[{"href":"https:\/\/www.mk-journal.de\/index.php\/wp-json\/wp\/v2\/posts"}],"about":[{"href":"https:\/\/www.mk-journal.de\/index.php\/wp-json\/wp\/v2\/types\/post"}],"author":[{"embeddable":true,"href":"https:\/\/www.mk-journal.de\/index.php\/wp-json\/wp\/v2\/users\/3"}],"replies":[{"embeddable":true,"href":"https:\/\/www.mk-journal.de\/index.php\/wp-json\/wp\/v2\/comments?post=23707"}],"version-history":[{"count":1,"href":"https:\/\/www.mk-journal.de\/index.php\/wp-json\/wp\/v2\/posts\/23707\/revisions"}],"predecessor-version":[{"id":23709,"href":"https:\/\/www.mk-journal.de\/index.php\/wp-json\/wp\/v2\/posts\/23707\/revisions\/23709"}],"wp:featuredmedia":[{"embeddable":true,"href":"https:\/\/www.mk-journal.de\/index.php\/wp-json\/wp\/v2\/media\/23708"}],"wp:attachment":[{"href":"https:\/\/www.mk-journal.de\/index.php\/wp-json\/wp\/v2\/media?parent=23707"}],"wp:term":[{"taxonomy":"category","embeddable":true,"href":"https:\/\/www.mk-journal.de\/index.php\/wp-json\/wp\/v2\/categories?post=23707"},{"taxonomy":"post_tag","embeddable":true,"href":"https:\/\/www.mk-journal.de\/index.php\/wp-json\/wp\/v2\/tags?post=23707"}],"curies":[{"name":"wp","href":"https:\/\/api.w.org\/{rel}","templated":true}]}}