{"id":23726,"date":"2026-01-06T13:20:58","date_gmt":"2026-01-06T11:20:58","guid":{"rendered":"https:\/\/www.mk-journal.de\/?p=23726"},"modified":"2026-01-06T13:21:12","modified_gmt":"2026-01-06T11:21:12","slug":"selbsthilfegruppen-foerderantraege-bis-31-maerz-stellen","status":"publish","type":"post","link":"https:\/\/www.mk-journal.de\/index.php\/2026\/01\/06\/selbsthilfegruppen-foerderantraege-bis-31-maerz-stellen\/","title":{"rendered":"Selbsthilfegruppen: F\u00f6rderantr\u00e4ge bis 31. M\u00e4rz stellen"},"content":{"rendered":"<p>(pmk). Ein wichtiger Bereich der kommunalen Gesundheitspolitik ist es, die Selbsthilfe zu f\u00f6rdern. Der M\u00e4rkische Kreis unterst\u00fctzt die Selbsthilfe aktuell mit insgesamt 22.000 Euro. Gef\u00f6rdert wird das ehrenamtliche Engagement von Betroffenen f\u00fcr Betroffene im Gesundheitswesen.<\/p>\n<p>Der Fachbereich Gesundheit und Soziales des M\u00e4rkischen Kreises gew\u00e4hrt den Zuschuss auf Antrag. Grundlage ist ein Sockelbetrag und ein pro Kopfzuschlag f\u00fcr die betreuten Mitglieder. Antr\u00e4ge sind jeweils bis zum 31. M\u00e4rz des Jahres zu stellen. Informationen \u00fcber die Voraussetzungen gibt es auf der Homepage der Kreisverwaltung unter dem Stichpunkt \u201eSelbsthilfe\u201c oder dem Link <a href=\"https:\/\/t1p.de\/zy7bw\">https:\/\/t1p.de\/zy7bw<\/a>\u00a0 und bei S. Bergmann, Fachdienst 77, Telefon: 02351\/966-7073, E-Mail: <a href=\"mailto:s.bergmann@maerkischer-kreis.de\">s.bergmann@maerkischer-kreis.de<\/a>.<\/p>\n","protected":false},"excerpt":{"rendered":"<p>(pmk). Ein wichtiger Bereich der kommunalen Gesundheitspolitik ist es, die  [&#8230;]<\/p>\n","protected":false},"author":3,"featured_media":23727,"comment_status":"closed","ping_status":"closed","sticky":false,"template":"","format":"standard","meta":{"two_page_speed":[],"footnotes":""},"categories":[11],"tags":[],"class_list":["post-23726","post","type-post","status-publish","format-standard","has-post-thumbnail","hentry","category-maerkischer-kreis"],"_links":{"self":[{"href":"https:\/\/www.mk-journal.de\/index.php\/wp-json\/wp\/v2\/posts\/23726","targetHints":{"allow":["GET"]}}],"collection":[{"href":"https:\/\/www.mk-journal.de\/index.php\/wp-json\/wp\/v2\/posts"}],"about":[{"href":"https:\/\/www.mk-journal.de\/index.php\/wp-json\/wp\/v2\/types\/post"}],"author":[{"embeddable":true,"href":"https:\/\/www.mk-journal.de\/index.php\/wp-json\/wp\/v2\/users\/3"}],"replies":[{"embeddable":true,"href":"https:\/\/www.mk-journal.de\/index.php\/wp-json\/wp\/v2\/comments?post=23726"}],"version-history":[{"count":1,"href":"https:\/\/www.mk-journal.de\/index.php\/wp-json\/wp\/v2\/posts\/23726\/revisions"}],"predecessor-version":[{"id":23728,"href":"https:\/\/www.mk-journal.de\/index.php\/wp-json\/wp\/v2\/posts\/23726\/revisions\/23728"}],"wp:featuredmedia":[{"embeddable":true,"href":"https:\/\/www.mk-journal.de\/index.php\/wp-json\/wp\/v2\/media\/23727"}],"wp:attachment":[{"href":"https:\/\/www.mk-journal.de\/index.php\/wp-json\/wp\/v2\/media?parent=23726"}],"wp:term":[{"taxonomy":"category","embeddable":true,"href":"https:\/\/www.mk-journal.de\/index.php\/wp-json\/wp\/v2\/categories?post=23726"},{"taxonomy":"post_tag","embeddable":true,"href":"https:\/\/www.mk-journal.de\/index.php\/wp-json\/wp\/v2\/tags?post=23726"}],"curies":[{"name":"wp","href":"https:\/\/api.w.org\/{rel}","templated":true}]}}