{"id":23745,"date":"2026-01-07T13:15:15","date_gmt":"2026-01-07T11:15:15","guid":{"rendered":"https:\/\/www.mk-journal.de\/?p=23745"},"modified":"2026-01-07T13:15:15","modified_gmt":"2026-01-07T11:15:15","slug":"neujahrsempfang-der-stadt-iserlohn-am-10-januar","status":"publish","type":"post","link":"https:\/\/www.mk-journal.de\/index.php\/2026\/01\/07\/neujahrsempfang-der-stadt-iserlohn-am-10-januar\/","title":{"rendered":"Neujahrsempfang der Stadt Iserlohn am 10. Januar"},"content":{"rendered":"<h4>B\u00fcrgermeister Michael Joithe l\u00e4dt alle Iserlohnerinnen und Iserlohner herzlich ein<\/h4>\n<p>(PSI). Iserlohns B\u00fcrgermeister Michael Joithe l\u00e4dt alle Iserlohnerinnen und Iserlohner f\u00fcr Samstag, 10. Januar, um 11 Uhr, zum traditionellen Neujahrsempfang der Stadt ins Parktheater auf der Alexanderh\u00f6he ein und freut sich darauf, gemeinsam mit seiner Frau Tina und seiner Tochter Julia vor dem offiziellen Teil viele G\u00e4ste pers\u00f6nlich begr\u00fc\u00dfen zu k\u00f6nnen.<\/p>\n<p><strong>Heimatpreis-Preistr\u00e4ger<\/strong><\/p>\n<p>Nach der Neujahrsansprache des B\u00fcrgermeisters steht die pers\u00f6nliche Begegnung zum Jahresauftakt im Mittelpunkt der Veranstaltung. Unter den G\u00e4sten werden auch in diesem Jahr die Preistr\u00e4gerinnen und Preistr\u00e4ger des Heimatpreises sein und auf der B\u00fchne des Parktheaters ihre ausgezeichneten Projekte pr\u00e4sentieren: der F\u00f6rderverein Kapelle &amp; Pavillon Ortlohnpark Iserlohn e. V. (Platz 1 f\u00fcr das Projekt \u201eOrtlohnpark \u2013 Gemeinsam Heimat gestalten.\u201c), die OMAS GEGEN RECHTS (Platz 2 f\u00fcr das Projekt \u201ediverse Aktionen in 2025\u201c), der Sauerl\u00e4nder Gebirgsverein e. V. \u2013 Abt. SGV \u2013 Iserlohn (Platz 3 f\u00fcr das Projekt \u201eRaus in die Natur. Rein ins Erlebnis.\u201c) und Dead Pedals Society Iserlohn e. V. (Platz 3 f\u00fcr das Projekt \u201eMountainbiking\u201c). Nach dem offiziellen Teil der Veranstaltung stehen die Vereinsmitglieder f\u00fcr Gespr\u00e4che und Informationen im Foyer zur Verf\u00fcgung.<\/p>\n<p><strong>Sternsinger und Musiksch\u00fcler<\/strong><\/p>\n<p>Die Sternsinger des Pastoralverbundes Iserlohn werden ihre Segensw\u00fcnsche \u00fcberbringen und im Rahmen der diesj\u00e4hrigen Sternsinger-Aktion \u201eKinder st\u00e4rken, Kinder sch\u00fctzen\u201c die F\u00f6rderung von Kinderrechten unterst\u00fctzen. Musikalisch umrahmt wird der Neujahrsempfang diesmal von den Musikerinnen und Musikern der Musikschule Iserlohn mit dem Klarinetten-Ensemble \u201eBlackstix\u201c sowie den Pianisten Flora Esser und Wolf Alexander Chapel. Die Veranstaltung ist kostenlos und eine Anmeldung nicht n\u00f6tig.<\/p>\n","protected":false},"excerpt":{"rendered":"<p>B\u00fcrgermeister Michael Joithe l\u00e4dt alle Iserlohnerinnen und Iserlohner herzlich ein  [&#8230;]<\/p>\n","protected":false},"author":3,"featured_media":23746,"comment_status":"closed","ping_status":"closed","sticky":false,"template":"","format":"standard","meta":{"two_page_speed":[],"footnotes":""},"categories":[13],"tags":[],"class_list":["post-23745","post","type-post","status-publish","format-standard","has-post-thumbnail","hentry","category-was-und-wo"],"_links":{"self":[{"href":"https:\/\/www.mk-journal.de\/index.php\/wp-json\/wp\/v2\/posts\/23745","targetHints":{"allow":["GET"]}}],"collection":[{"href":"https:\/\/www.mk-journal.de\/index.php\/wp-json\/wp\/v2\/posts"}],"about":[{"href":"https:\/\/www.mk-journal.de\/index.php\/wp-json\/wp\/v2\/types\/post"}],"author":[{"embeddable":true,"href":"https:\/\/www.mk-journal.de\/index.php\/wp-json\/wp\/v2\/users\/3"}],"replies":[{"embeddable":true,"href":"https:\/\/www.mk-journal.de\/index.php\/wp-json\/wp\/v2\/comments?post=23745"}],"version-history":[{"count":1,"href":"https:\/\/www.mk-journal.de\/index.php\/wp-json\/wp\/v2\/posts\/23745\/revisions"}],"predecessor-version":[{"id":23747,"href":"https:\/\/www.mk-journal.de\/index.php\/wp-json\/wp\/v2\/posts\/23745\/revisions\/23747"}],"wp:featuredmedia":[{"embeddable":true,"href":"https:\/\/www.mk-journal.de\/index.php\/wp-json\/wp\/v2\/media\/23746"}],"wp:attachment":[{"href":"https:\/\/www.mk-journal.de\/index.php\/wp-json\/wp\/v2\/media?parent=23745"}],"wp:term":[{"taxonomy":"category","embeddable":true,"href":"https:\/\/www.mk-journal.de\/index.php\/wp-json\/wp\/v2\/categories?post=23745"},{"taxonomy":"post_tag","embeddable":true,"href":"https:\/\/www.mk-journal.de\/index.php\/wp-json\/wp\/v2\/tags?post=23745"}],"curies":[{"name":"wp","href":"https:\/\/api.w.org\/{rel}","templated":true}]}}