{"id":23773,"date":"2026-01-08T12:47:46","date_gmt":"2026-01-08T10:47:46","guid":{"rendered":"https:\/\/www.mk-journal.de\/?p=23773"},"modified":"2026-01-08T12:47:46","modified_gmt":"2026-01-08T10:47:46","slug":"neujahrsempfang-der-stadt-luedenscheid","status":"publish","type":"post","link":"https:\/\/www.mk-journal.de\/index.php\/2026\/01\/08\/neujahrsempfang-der-stadt-luedenscheid\/","title":{"rendered":"Neujahrsempfang der Stadt L\u00fcdenscheid"},"content":{"rendered":"<p>(PSL). Die Stadt L\u00fcdenscheid l\u00e4dt alle interessierten B\u00fcrgerinnen und B\u00fcrger f\u00fcr Samstag, 10. Januar, zum Neujahrsempfang ins Kulturhaus ein. Die Traditionsveranstaltung beginnt um 17 Uhr. Im Mittelpunkt steht wie gewohnt die Ansprache des B\u00fcrgermeisters. Sebastian Wagemeyer wird ausf\u00fchrlich auf das ereignisreiche und angesichts der Freigabe der neuen Talbr\u00fccke Rahmede auch historische Jahr 2025 zur\u00fcckblicken. Au\u00dferdem stimmt das Stadtoberhaupt die Anwesenden auf wichtige Ereignisse, Themen und Herausforderungen f\u00fcr das neue Jahr ein. Abschlie\u00dfend werden Menschen und\/oder Vereine geehrt, die sich in besonderer Weise um die Stadt verdient gemacht werden. Mit musikalischen Beitr\u00e4gen wird das offizielle Programm aufgelockert. Danach haben alle Anwesenden die M\u00f6glichkeit, den Empfang im Kulturhaus bei Getr\u00e4nken und Snacks in geselliger Runde ausklingen zu lassen. Eine Anmeldung ist nicht erforderlich. Der Theatersaal des Kulturhauses bietet rund 600 Personen Platz.<\/p>\n","protected":false},"excerpt":{"rendered":"<p>(PSL). Die Stadt L\u00fcdenscheid l\u00e4dt alle interessierten B\u00fcrgerinnen und B\u00fcrger  [&#8230;]<\/p>\n","protected":false},"author":3,"featured_media":23774,"comment_status":"closed","ping_status":"closed","sticky":false,"template":"","format":"standard","meta":{"two_page_speed":[],"footnotes":""},"categories":[10],"tags":[],"class_list":["post-23773","post","type-post","status-publish","format-standard","has-post-thumbnail","hentry","category-staedte-und-gemeinden"],"_links":{"self":[{"href":"https:\/\/www.mk-journal.de\/index.php\/wp-json\/wp\/v2\/posts\/23773","targetHints":{"allow":["GET"]}}],"collection":[{"href":"https:\/\/www.mk-journal.de\/index.php\/wp-json\/wp\/v2\/posts"}],"about":[{"href":"https:\/\/www.mk-journal.de\/index.php\/wp-json\/wp\/v2\/types\/post"}],"author":[{"embeddable":true,"href":"https:\/\/www.mk-journal.de\/index.php\/wp-json\/wp\/v2\/users\/3"}],"replies":[{"embeddable":true,"href":"https:\/\/www.mk-journal.de\/index.php\/wp-json\/wp\/v2\/comments?post=23773"}],"version-history":[{"count":1,"href":"https:\/\/www.mk-journal.de\/index.php\/wp-json\/wp\/v2\/posts\/23773\/revisions"}],"predecessor-version":[{"id":23775,"href":"https:\/\/www.mk-journal.de\/index.php\/wp-json\/wp\/v2\/posts\/23773\/revisions\/23775"}],"wp:featuredmedia":[{"embeddable":true,"href":"https:\/\/www.mk-journal.de\/index.php\/wp-json\/wp\/v2\/media\/23774"}],"wp:attachment":[{"href":"https:\/\/www.mk-journal.de\/index.php\/wp-json\/wp\/v2\/media?parent=23773"}],"wp:term":[{"taxonomy":"category","embeddable":true,"href":"https:\/\/www.mk-journal.de\/index.php\/wp-json\/wp\/v2\/categories?post=23773"},{"taxonomy":"post_tag","embeddable":true,"href":"https:\/\/www.mk-journal.de\/index.php\/wp-json\/wp\/v2\/tags?post=23773"}],"curies":[{"name":"wp","href":"https:\/\/api.w.org\/{rel}","templated":true}]}}