{"id":23788,"date":"2026-01-09T10:36:12","date_gmt":"2026-01-09T08:36:12","guid":{"rendered":"https:\/\/www.mk-journal.de\/?p=23788"},"modified":"2026-01-09T10:38:17","modified_gmt":"2026-01-09T08:38:17","slug":"kennenlern-tag-fuer-neue-mitarbeitende-der-stadt-iserlohn","status":"publish","type":"post","link":"https:\/\/www.mk-journal.de\/index.php\/2026\/01\/09\/kennenlern-tag-fuer-neue-mitarbeitende-der-stadt-iserlohn\/","title":{"rendered":"Kennenlern-Tag f\u00fcr neue Mitarbeitende der Stadt Iserlohn"},"content":{"rendered":"<p>(PSI). Zum zweiten Mal veranstaltete die Stadt Iserlohn jetzt einen Kennenlern-Tag f\u00fcr alle neuen Mitarbeitenden der Stadtverwaltung. Im Zeitraum vom 1. Juni bis 31. Dezember stellte die Stadtverwaltung in den unterschiedlichen Fachbereichen 64 Personen ein. Der Einladung zur rund zweist\u00fcndigen Veranstaltung im KAI folgten 33 neue Mitarbeitende, die B\u00fcrgermeister Michael Joithe sowie Vertreterinnen und Vertreter des Personalrats, der Gleichstellungsstelle und des Bereichs Personal nach einer offiziellen Vorstellung in lockerer Atmosph\u00e4re kennenlernen konnten.<\/p>\n<p><strong>&#8222;Wir-Gef\u00fchl&#8220; gest\u00e4rkt<\/strong><\/p>\n<p>\u201eMit diesem neuen Veranstaltungsformat kann das \u201aWir-Gef\u00fchl\u2018 innerhalb der Verwaltung gest\u00e4rkt werden\u201c, betonte B\u00fcrgermeister Michael Joithe die Bedeutung des Kennenlern-Tages und k\u00fcndigte gleichzeitig an, dass es neben den B\u00fcrgermeistersprechstunden f\u00fcr B\u00fcrgerinnen und B\u00fcrger k\u00fcnftig auch Sprechstunden f\u00fcr Mitarbeitende geben werde. Es war die zweite Veranstaltung dieser Art. Die Stadt Iserlohn plant, einen solchen Kennenlern-Tag halbj\u00e4hrlich f\u00fcr alle neuen Kolleginnen und Kollegen anzubieten.<\/p>\n","protected":false},"excerpt":{"rendered":"<p>(PSI). Zum zweiten Mal veranstaltete die Stadt Iserlohn jetzt einen  [&#8230;]<\/p>\n","protected":false},"author":3,"featured_media":23789,"comment_status":"closed","ping_status":"closed","sticky":false,"template":"","format":"standard","meta":{"two_page_speed":[],"footnotes":""},"categories":[10],"tags":[],"class_list":["post-23788","post","type-post","status-publish","format-standard","has-post-thumbnail","hentry","category-staedte-und-gemeinden"],"_links":{"self":[{"href":"https:\/\/www.mk-journal.de\/index.php\/wp-json\/wp\/v2\/posts\/23788","targetHints":{"allow":["GET"]}}],"collection":[{"href":"https:\/\/www.mk-journal.de\/index.php\/wp-json\/wp\/v2\/posts"}],"about":[{"href":"https:\/\/www.mk-journal.de\/index.php\/wp-json\/wp\/v2\/types\/post"}],"author":[{"embeddable":true,"href":"https:\/\/www.mk-journal.de\/index.php\/wp-json\/wp\/v2\/users\/3"}],"replies":[{"embeddable":true,"href":"https:\/\/www.mk-journal.de\/index.php\/wp-json\/wp\/v2\/comments?post=23788"}],"version-history":[{"count":1,"href":"https:\/\/www.mk-journal.de\/index.php\/wp-json\/wp\/v2\/posts\/23788\/revisions"}],"predecessor-version":[{"id":23790,"href":"https:\/\/www.mk-journal.de\/index.php\/wp-json\/wp\/v2\/posts\/23788\/revisions\/23790"}],"wp:featuredmedia":[{"embeddable":true,"href":"https:\/\/www.mk-journal.de\/index.php\/wp-json\/wp\/v2\/media\/23789"}],"wp:attachment":[{"href":"https:\/\/www.mk-journal.de\/index.php\/wp-json\/wp\/v2\/media?parent=23788"}],"wp:term":[{"taxonomy":"category","embeddable":true,"href":"https:\/\/www.mk-journal.de\/index.php\/wp-json\/wp\/v2\/categories?post=23788"},{"taxonomy":"post_tag","embeddable":true,"href":"https:\/\/www.mk-journal.de\/index.php\/wp-json\/wp\/v2\/tags?post=23788"}],"curies":[{"name":"wp","href":"https:\/\/api.w.org\/{rel}","templated":true}]}}