{"id":23792,"date":"2026-01-09T10:55:51","date_gmt":"2026-01-09T08:55:51","guid":{"rendered":"https:\/\/www.mk-journal.de\/?p=23792"},"modified":"2026-01-09T10:55:51","modified_gmt":"2026-01-09T08:55:51","slug":"reformen-hauptsache-bald","status":"publish","type":"post","link":"https:\/\/www.mk-journal.de\/index.php\/2026\/01\/09\/reformen-hauptsache-bald\/","title":{"rendered":"Reformen? \u201eHauptsache bald!\u201c"},"content":{"rendered":"<h4>M\u00e4rkischer Arbeitgeberverband fordert bessere Rahmenbedingungen<\/h4>\n<p><strong>(AWe). Der M\u00e4rkische Arbeitgeberverband (MAV) hat seine Mitglieder aus der heimischen Metall- und Elektro-Industrie in der aktuellen Konjunkturumfrage nach einer Beurteilung der Gesch\u00e4ftslage gefragt. Der Vorstand des Verbandes nimmt das Ergebnis zum Anlass, sich f\u00fcr bessere Standortbedingungen und mehr private Investitionen stark zu machen. <\/strong><\/p>\n<p><strong>Stimmung leicht verbessert<\/strong><\/p>\n<p>49 Prozent der mittelst\u00e4ndischen Betriebe diagnostizieren in der Konjunkturumfrage eine schlechte Gesch\u00e4ftslage, das sind aber 9 Prozentpunkte weniger als im Vorjahr. Eine zuk\u00fcnftige Verschlechterung der Lage erwarten nur noch 19 Prozent f\u00fcr die kommenden Monate (Vorjahr: 48 Prozent). Auch im Hinblick auf die Auftragslage nimmt die Skepsis f\u00fcr die kommenden Monate etwas ab. Eine Verschlechterung erwarten im Inland noch 20 Prozent, w\u00e4hrend es im Vorjahr zum gleichen Zeitpunkt 45 Prozent waren. Gleichwohl ist die aktuelle Auftragslage am Jahresende angespannt.<\/p>\n<p><strong>Boden vielleicht erreicht<\/strong><\/p>\n<p>\u201eVielleicht haben wir den Boden inzwischen erreicht\u201c, so Horst-Werner Maier-Hunke, Vorsitzender des MAV. \u201eDass es noch schlimmer kommt, erwarten offensichtlich weniger Betriebe.\u201c \u00a0Das sei auch gut so. Pessimismus sei kein guter Ratgeber, so Maier-Hunke. Es brauche im neuen Jahr dringend mehr Optimismus. Den werde es aber nur geben, wenn es hierzulande Strukturreformen gebe.<\/p>\n<p><strong>Verst\u00e4rkt im Inland investieren<\/strong><\/p>\n<p>23 Prozent der Umfrageteilnehmer denken offenbar antizyklisch: Sie wollen im Inland verst\u00e4rkt investieren. Diese Prozentzahl sei im Vergleich zum Vorjahr bereits leicht gestiegen, aber es gelte, sie noch weiter zu steigern. \u201eGenau diese privaten Investitionen brauchen wir jetzt in Deutschland, damit 2026 Wachstum entsteht\u201c, sagt Fabian Schmidt, stellvertretender Vorsitzender des MAV. Dazu m\u00fcsse die Politik die Standortbedingungen verbessern. \u201eWenn es uns gelingt, B\u00fcrokratie, Energie- und Arbeitskosten hierzulande zu reduzieren, wird dies die Investitionsbereitschaft der Unternehmer weiter st\u00e4rken.\u201c<\/p>\n<p><strong>Starkes Engagement f\u00fcr die Ausbildung<\/strong><\/p>\n<p>66 Prozent der Betriebe wollen, so die MAV-Konjunkturumfrage, mit einer unver\u00e4nderten Belegschaft durch die kommenden Monate kommen, 17 Prozent planen sogar Neueinstellungen. Auch diese Werte haben sich im Vergleich zum Vorjahr verbessert. \u201eViele Arbeitgeber wissen, was sie an ihren erfahrenen, eingearbeiteten Fach- und Arbeitskr\u00e4ften haben\u201c, so Dr. Lars Ischebeck, ebenfalls stellvertretender Vorsitzender des MAV. Bei den Ausbildungspl\u00e4tzen ergibt sich ein noch deutlicheres Bild. 81 Prozent der Umfrageteilnehmer planen mit der bisherigen Anzahl, 10 Prozent wollen sogar noch Ausbildungspl\u00e4tze aufstocken. Dr. Ischebeck: \u201eDas zeigt die gro\u00dfe Verantwortung der Arbeitgeber auch in schwierigen Zeiten sowie ihren Weitblick hinsichtlich des Fachkr\u00e4ftemangels.\u201c<\/p>\n<p><strong>Region hat gro\u00dfes wirtschaftliches Potenzial<\/strong><\/p>\n<p>Gemeinsam bilanzieren die Vorstandsmitglieder: \u201eDie M\u00e4rkische Region hat weiterhin gro\u00dfes wirtschaftliches Potenzial. Es ist an der Politik, Rahmenbedingungen zu schaffen, in denen wir dieses Potenzial entfalten k\u00f6nnen.\u201c In welcher Jahreszeit die Reformen kommen, spiele keine Rolle. \u201eHauptsache bald\u201c, so die MAV-Vorsitzenden.<\/p>\n<p><strong>100 Betriebe bei Konjunkturumfrage<\/strong><\/p>\n<p>Die Umfrage des MAV wurde ab Ende November durchgef\u00fchrt. Erneut haben fast 100 Betriebe mit mehr als 15.000 Besch\u00e4ftigten teilgenommen. 635 Ausbildungspl\u00e4tze h\u00e4ngen von diesen Unternehmen ab. Die gr\u00f6\u00dften Gruppen unter den Teilnehmern sind in der Herstellung von Metallerzeugnissen sowie in der Metallerzeugung und -bearbeitung t\u00e4tig. Die Exportquote liegt im Schnitt bei 31 Prozent. Das Verbandsgebiet des MAV umfasst den n\u00f6rdlichen M\u00e4rkischen Kreis, Hagen und den Ennepe-Ruhr-Kreis.<\/p>\n","protected":false},"excerpt":{"rendered":"<p>M\u00e4rkischer Arbeitgeberverband fordert bessere Rahmenbedingungen (AWe). Der M\u00e4rkische Arbeitgeberverband (MAV)  [&#8230;]<\/p>\n","protected":false},"author":3,"featured_media":23793,"comment_status":"closed","ping_status":"closed","sticky":false,"template":"","format":"standard","meta":{"two_page_speed":[],"footnotes":""},"categories":[18],"tags":[],"class_list":["post-23792","post","type-post","status-publish","format-standard","has-post-thumbnail","hentry","category-witschaft"],"_links":{"self":[{"href":"https:\/\/www.mk-journal.de\/index.php\/wp-json\/wp\/v2\/posts\/23792","targetHints":{"allow":["GET"]}}],"collection":[{"href":"https:\/\/www.mk-journal.de\/index.php\/wp-json\/wp\/v2\/posts"}],"about":[{"href":"https:\/\/www.mk-journal.de\/index.php\/wp-json\/wp\/v2\/types\/post"}],"author":[{"embeddable":true,"href":"https:\/\/www.mk-journal.de\/index.php\/wp-json\/wp\/v2\/users\/3"}],"replies":[{"embeddable":true,"href":"https:\/\/www.mk-journal.de\/index.php\/wp-json\/wp\/v2\/comments?post=23792"}],"version-history":[{"count":1,"href":"https:\/\/www.mk-journal.de\/index.php\/wp-json\/wp\/v2\/posts\/23792\/revisions"}],"predecessor-version":[{"id":23794,"href":"https:\/\/www.mk-journal.de\/index.php\/wp-json\/wp\/v2\/posts\/23792\/revisions\/23794"}],"wp:featuredmedia":[{"embeddable":true,"href":"https:\/\/www.mk-journal.de\/index.php\/wp-json\/wp\/v2\/media\/23793"}],"wp:attachment":[{"href":"https:\/\/www.mk-journal.de\/index.php\/wp-json\/wp\/v2\/media?parent=23792"}],"wp:term":[{"taxonomy":"category","embeddable":true,"href":"https:\/\/www.mk-journal.de\/index.php\/wp-json\/wp\/v2\/categories?post=23792"},{"taxonomy":"post_tag","embeddable":true,"href":"https:\/\/www.mk-journal.de\/index.php\/wp-json\/wp\/v2\/tags?post=23792"}],"curies":[{"name":"wp","href":"https:\/\/api.w.org\/{rel}","templated":true}]}}