{"id":23861,"date":"2026-01-13T11:36:58","date_gmt":"2026-01-13T09:36:58","guid":{"rendered":"https:\/\/www.mk-journal.de\/?p=23861"},"modified":"2026-01-13T11:39:04","modified_gmt":"2026-01-13T09:39:04","slug":"hubert-hueppe-bei-der-seniorenunion","status":"publish","type":"post","link":"https:\/\/www.mk-journal.de\/index.php\/2026\/01\/13\/hubert-hueppe-bei-der-seniorenunion\/","title":{"rendered":"Hubert H\u00fcppe bei der Seniorenunion"},"content":{"rendered":"<h4>Fr\u00fchst\u00fcck mit dem Bundesvositzenden in Iserlohn<\/h4>\n<p>(CDU). Die heimische Seniorenunion durfte den Bundesvorsitzenden Hubert H\u00fcppe bei ihrem monatlichen Fr\u00fchst\u00fcck als Redner begr\u00fc\u00dfen. Der vor wenigen Monaten frisch gew\u00e4hlte H\u00fcppe war der Einladung des Vorsitzenden der Seniorenunion Iserlohn Helmut Prange gerne gefolgt, um den heimischen Mitgliedern seine Schwerpunkte in der zuk\u00fcnftigen Arbeit zu erl\u00e4utern.<\/p>\n<p><strong>Wichtige Akzente setzen<\/strong><\/p>\n<p>H\u00fcppe hob hervor, dass seine Herangehensweise zuk\u00fcnftig sehr viel politischer sein werde. &#8222;Wir wollen sehr viel mehr als wichtige Kraft innerhalb unserer Mutterpartei CDU wahrgenommen werden &#8222;, machte der neue Bundesvorsitzende deutlich. Wichtig sei ihm, inhaltliche Themen zu behandeln und damit wichtige Akzente zu setzen. &#8222;Wir haben Anfragen zur Christenverfolgung in Nigeria, denen bereits zehntausende Christen zum Opfer gefallen sind, zur Rente und zum Themenkomplex Gesundheit und Pflege sowie Sucht im Alltag gestellt&#8220; f\u00fchrte H\u00fcppe aus. Zum Thema Pflege werde auf Initiative der Seniorenunion eine Veranstaltung organisiert, wo Gesundheitsministerin Warken, die Verb\u00e4nde im Gesundheits- und Pflegewesen sowie wahrscheinlich auch der Bundeskanzler kommen werden. Auch werde sich die Seniorenunion mit der Thematik Altersdiskriminierung besch\u00e4ftigen, denn diese sei in unserer Gesellschaft durchaus weit verbreitet. &#8222;\u00dcber das Setzen von wichtigen Akzenten wollen wir eine starke Kampagnenf\u00e4higkeit erreichen, mit der wir die Erfahrung unserer Generation einbringen wollen&#8220;, betonte Hubert H\u00fcppe. Wichtig sei ihm aber auch ein gutes und aktives Verh\u00e4ltnis mit der Jungen Union, denn in der CDU sei das Miteinander von Alt und Jung traditionell gut und habe schon viele gute politische Initiativen vorangebracht. Deshalb sei er beim Bundeskongress der Jungen Union auch alle drei Tage vor Ort gewesen.<\/p>\n<p><strong>Volle Unterst\u00fctzung zugesagt<\/strong><\/p>\n<p>Dem Vortrag des Bundesvorsitzenden der Seniorenunion folgte ein reger Austausch mit den \u00f6rtlichen Mitgliedern, wo insbesondere Themen wie Corona-Pandemie, Rente und Extremismus von links und rechts im Fokus standen. Die Vorsitzenden der Seniorenunion Iserlohn Helmut Prange und auch der Kreisvorsitzende Gerhard Schmidt bedankten sich am Ende der zweist\u00fcndigen Veranstaltung sehr herzlich bei Hubert H\u00fcppe und sagten dem neuen Bundesvorsitzenden volle Unterst\u00fctzung f\u00fcr seine Arbeit zu.<\/p>\n","protected":false},"excerpt":{"rendered":"<p>Fr\u00fchst\u00fcck mit dem Bundesvositzenden in Iserlohn (CDU). Die heimische Seniorenunion  [&#8230;]<\/p>\n","protected":false},"author":3,"featured_media":23868,"comment_status":"closed","ping_status":"closed","sticky":false,"template":"","format":"standard","meta":{"two_page_speed":[],"footnotes":""},"categories":[7],"tags":[],"class_list":["post-23861","post","type-post","status-publish","format-standard","has-post-thumbnail","hentry","category-dies-und-das"],"_links":{"self":[{"href":"https:\/\/www.mk-journal.de\/index.php\/wp-json\/wp\/v2\/posts\/23861","targetHints":{"allow":["GET"]}}],"collection":[{"href":"https:\/\/www.mk-journal.de\/index.php\/wp-json\/wp\/v2\/posts"}],"about":[{"href":"https:\/\/www.mk-journal.de\/index.php\/wp-json\/wp\/v2\/types\/post"}],"author":[{"embeddable":true,"href":"https:\/\/www.mk-journal.de\/index.php\/wp-json\/wp\/v2\/users\/3"}],"replies":[{"embeddable":true,"href":"https:\/\/www.mk-journal.de\/index.php\/wp-json\/wp\/v2\/comments?post=23861"}],"version-history":[{"count":1,"href":"https:\/\/www.mk-journal.de\/index.php\/wp-json\/wp\/v2\/posts\/23861\/revisions"}],"predecessor-version":[{"id":23863,"href":"https:\/\/www.mk-journal.de\/index.php\/wp-json\/wp\/v2\/posts\/23861\/revisions\/23863"}],"wp:featuredmedia":[{"embeddable":true,"href":"https:\/\/www.mk-journal.de\/index.php\/wp-json\/wp\/v2\/media\/23868"}],"wp:attachment":[{"href":"https:\/\/www.mk-journal.de\/index.php\/wp-json\/wp\/v2\/media?parent=23861"}],"wp:term":[{"taxonomy":"category","embeddable":true,"href":"https:\/\/www.mk-journal.de\/index.php\/wp-json\/wp\/v2\/categories?post=23861"},{"taxonomy":"post_tag","embeddable":true,"href":"https:\/\/www.mk-journal.de\/index.php\/wp-json\/wp\/v2\/tags?post=23861"}],"curies":[{"name":"wp","href":"https:\/\/api.w.org\/{rel}","templated":true}]}}