{"id":23869,"date":"2026-01-13T11:52:06","date_gmt":"2026-01-13T09:52:06","guid":{"rendered":"https:\/\/www.mk-journal.de\/?p=23869"},"modified":"2026-01-13T11:52:06","modified_gmt":"2026-01-13T09:52:06","slug":"jugendhilfeausschuss-fuer-die-kommenden-jahre-gut-aufgestellt","status":"publish","type":"post","link":"https:\/\/www.mk-journal.de\/index.php\/2026\/01\/13\/jugendhilfeausschuss-fuer-die-kommenden-jahre-gut-aufgestellt\/","title":{"rendered":"Jugendhilfeausschuss f\u00fcr die kommenden Jahre gut aufgestellt"},"content":{"rendered":"<h4>Neue Impulse beim Inhouse-Workshop des LWL-Landesjugendamtes Westfalen<\/h4>\n<p>(PSH). Im Rahmen eines intensiven Inhouse-Workshops des LWL-Landesjugendamtes Westfalen hat sich der Jugendhilfeausschuss der Stadt Hemer mit seiner Rolle, seinen Aufgaben und den aktuellen Herausforderungen der Kinder- und Jugendhilfe auseinandergesetzt. Zu Beginn der neuen Wahlperiode konnten die Ausschussmitglieder in ihrer Rolle gest\u00e4rkt werden, Orientierung erhalten und den fachlichen Austausch zwischen Politik, freien Tr\u00e4gern, beratenden Institutionen und Verwaltung intensivieren.<\/p>\n<p><strong>Information und Diskussion<\/strong><\/p>\n<p>Fundierte Information und lebendige Diskussion B\u00fcrgermeister Christian Schweitzer er\u00f6ffnete die Veranstaltung mit einem Gru\u00dfwort. Der LWL-Fachberater Thomas Fink gab daraufhin im ersten Veranstaltungsteil einen \u00dcberblick \u00fcber die Rechte, Pflichten und zentralen Funktionen des Jugendhilfeausschusses. Anschlie\u00dfend richtete er den Blick auf aktuelle und k\u00fcnftige Entwicklungen in den verschiedenen Arbeits- und Handlungsfeldern der Kinder- und Jugendhilfe.<\/p>\n<p><strong>Gemeinsames Verst\u00e4ndnis<\/strong><\/p>\n<p>Im zweiten Teil griffen die Leitungskr\u00e4fte des Jugendamtes die \u00fcberregionalen Impulse auf und erg\u00e4nzten sie um ihre \u00f6rtliche Perspektive. &#8222;Wir erleben, dass sich die Rahmenbedingungen in der Jugendhilfe rasant ver\u00e4ndern \u2013 personell, finanziell und gesellschaftlich&#8220;, erl\u00e4uterte Carolion Breuch, Fachdienstleitung Jugend. &#8222;Umso wichtiger ist es, dass der Jugendhilfeausschuss ein klares gemeinsames Verst\u00e4ndnis seiner Aufgaben und vor allem seiner Gestaltungsm\u00f6glichkeiten hat. Dieser Workshop bot daf\u00fcr einen sehr guten Rahmen und auch die Gelegenheit, die aktuellen Herausforderungen und angestrebten Projekte der Fachdienste Jugend und Kindertagesbetreuung darzulegen.&#8220;<\/p>\n<p><strong>Motivation und gemeinsamer Gestaltungswille<\/strong><\/p>\n<p>Die Zukunft der Jugendhilfe wollen die Ausschussmitglieder aktiv gestalten, um die Lebenslagen junger Menschen und ihrer Familien zu verbessern. Ein Ziel, dass auch seitens des Landschaftsverbandes Westfalen-Lippe (LWL), als Teil der kommunalen Familie, unterst\u00fctzt und getragen wird. &#8222;Die Jugendhilfeaussch\u00fcsse sind das Herzst\u00fcck der kommunalen Kinder- und Jugendhilfe. Hier werden die Weichen f\u00fcr die Zukunft junger Menschen gestellt \u2013 mit Fachverstand, Verantwortungsbewusstsein und viel pers\u00f6nlichem Engagement&#8220;, betont Dr. Georg Lunemann, der Direktor des LWL.<\/p>\n<p><strong>Starke Basis f\u00fcr die kommenden Jahre<\/strong><\/p>\n<p>Der Workshop machte deutlich: Der Jugendhilfeausschuss in Hemer ist sich seiner Verantwortung bewusst und f\u00fcr die kommenden Jahre gut aufgestellt \u2013 mit neuem Fachwissen, zus\u00e4tzlicher Motivation und einem gest\u00e4rkten Gemeinschaftsgef\u00fchl.<\/p>\n<p>&nbsp;<\/p>\n<p>&nbsp;<\/p>\n","protected":false},"excerpt":{"rendered":"<p>Neue Impulse beim Inhouse-Workshop des LWL-Landesjugendamtes Westfalen (PSH). Im Rahmen  [&#8230;]<\/p>\n","protected":false},"author":3,"featured_media":23870,"comment_status":"closed","ping_status":"closed","sticky":false,"template":"","format":"standard","meta":{"two_page_speed":[],"footnotes":""},"categories":[10],"tags":[],"class_list":["post-23869","post","type-post","status-publish","format-standard","has-post-thumbnail","hentry","category-staedte-und-gemeinden"],"_links":{"self":[{"href":"https:\/\/www.mk-journal.de\/index.php\/wp-json\/wp\/v2\/posts\/23869","targetHints":{"allow":["GET"]}}],"collection":[{"href":"https:\/\/www.mk-journal.de\/index.php\/wp-json\/wp\/v2\/posts"}],"about":[{"href":"https:\/\/www.mk-journal.de\/index.php\/wp-json\/wp\/v2\/types\/post"}],"author":[{"embeddable":true,"href":"https:\/\/www.mk-journal.de\/index.php\/wp-json\/wp\/v2\/users\/3"}],"replies":[{"embeddable":true,"href":"https:\/\/www.mk-journal.de\/index.php\/wp-json\/wp\/v2\/comments?post=23869"}],"version-history":[{"count":1,"href":"https:\/\/www.mk-journal.de\/index.php\/wp-json\/wp\/v2\/posts\/23869\/revisions"}],"predecessor-version":[{"id":23871,"href":"https:\/\/www.mk-journal.de\/index.php\/wp-json\/wp\/v2\/posts\/23869\/revisions\/23871"}],"wp:featuredmedia":[{"embeddable":true,"href":"https:\/\/www.mk-journal.de\/index.php\/wp-json\/wp\/v2\/media\/23870"}],"wp:attachment":[{"href":"https:\/\/www.mk-journal.de\/index.php\/wp-json\/wp\/v2\/media?parent=23869"}],"wp:term":[{"taxonomy":"category","embeddable":true,"href":"https:\/\/www.mk-journal.de\/index.php\/wp-json\/wp\/v2\/categories?post=23869"},{"taxonomy":"post_tag","embeddable":true,"href":"https:\/\/www.mk-journal.de\/index.php\/wp-json\/wp\/v2\/tags?post=23869"}],"curies":[{"name":"wp","href":"https:\/\/api.w.org\/{rel}","templated":true}]}}