{"id":23874,"date":"2026-01-13T15:28:43","date_gmt":"2026-01-13T13:28:43","guid":{"rendered":"https:\/\/www.mk-journal.de\/?p=23874"},"modified":"2026-01-13T15:28:43","modified_gmt":"2026-01-13T13:28:43","slug":"80-bei-aktiver-mittagspause-der-gdp","status":"publish","type":"post","link":"https:\/\/www.mk-journal.de\/index.php\/2026\/01\/13\/80-bei-aktiver-mittagspause-der-gdp\/","title":{"rendered":"80 bei \u201eAktiver Mittagspause\u201c der GdP"},"content":{"rendered":"<h4><strong>Tarifforderung bei Frikadellen, Br\u00f6tchen und Waffeln<\/strong><\/h4>\n<p><strong>Von Hendrik Klein<\/strong><\/p>\n<p>Hohe Polizeipr\u00e4senz an der Polizeiwache im Kreishaus an der Friedrichstra\u00dfe in Iserlohn. Nichts Besonderes, sollte man meinen. Dass aber gut 80 Gesetzesh\u00fcter und Zivilbesch\u00e4ftigte sich vor dem Polizeigeb\u00e4ude trafen, hatte einen triftigen Grund. Die Kreisgruppe MK der Gewerkschaft der Polizei (GdP) hatte zur \u201eAktiven Mittagspause\u201c eingeladen. Die organisierten Beamtinnen und Beamten wollten damit in der laufenden Tarifauseinandersetzung den Druck auf den Landesarbeitgeber erh\u00f6hen. Wie es sich f\u00fcr eine z\u00fcnftige Mittagspause geh\u00f6rt, war an das leibliche Wohl mit Frikadellen, Br\u00f6tchen und Waffeln bestens gesorgt. Unterst\u00fctzt wurde die GdP auch vom Kreisverband M\u00e4rkischer Kreis der Deutschen Polizeigewerkschaft im Deutschen Beamtenbund (DBB).<\/p>\n<p><strong>Teilnehmende auch aus Hemer und Menden<\/strong><\/p>\n<p>\u201eWir wollen vor der zweiten Verhandlungsrunde am 15. und 16. Januar in Potsdam noch einmal ein Zeichen f\u00fcr die Arbeitgeber setzen\u201c, erkl\u00e4rte die frischgebackene GdP-Kreisvorsitzende Michelle Pfeiffer im Gespr\u00e4ch. Die erste Verhandlungsrunde sei ergebnislos abgebrochen worden, so die Polizistin, deren Dienstsitz die Polizeiwache Menden ist. Auch aus Hemer und Menden waren einige Teilnehmer nach Iserlohn gekommen. \u201eDer Weg aus dem s\u00fcdlichen Kreisgebiet nach Iserlohn ist f\u00fcr eine kurze Mittagspause nat\u00fcrlich zu weit\u201c, erkl\u00e4rte Michelle Pfeiffer, die sich aber \u00fcber die gro\u00dfe Teilnehmerzahl sehr freute. \u201eIn vielen anderen Polizeidienststellen finden bis zum 15. Januar zu unterschiedlichen Terminen weitere Aktionen statt\u201c, wei\u00df die GdP-Kreisvorsitzende.<\/p>\n<p><strong>Sieben Prozent mehr gefordert<\/strong><\/p>\n<p>\u201eWir fordern eine Erh\u00f6hung der Tabellenentgelte um 7 Prozent, mindestens aber um 300 Euro monatlich, die Anhebung der Ausbildungsentgelte um 200 Euro monatlich, die Erh\u00f6hung aller Zeitzuschl\u00e4ge um 20 Prozentpunkte bei einer Laufzeit von zw\u00f6lf Monaten\u201c, erl\u00e4uterte Barbara Krause, stellvertretende Kreisvorsitzende, die Forderungen der GdP in der aktuellen Tarifauseinandersetzung. Eine Verbesserung der Entlohnung sei dringend erforderlich. \u201eWir hinken hinter der Bezahlung der Landesbediensteten hinterher\u201c, sagt Barbara Kruse. Eine Steigerung der Attraktivit\u00e4t des Polizeiberufs sei dringend n\u00f6tig, um den Personalmangel beseitigen zu k\u00f6nnen. \u201eVor allem im IT-Bereich ist es dramatisch\u201c, so Barbara Kruse. Nach der \u201eAktiven Mittagspause\u201c gingen die Gesetzesh\u00fcter und Regierungsbesch\u00e4ftigten dann gut gest\u00e4rkt zu zuversichtlich wieder an ihre Arbeit.<\/p>\n","protected":false},"excerpt":{"rendered":"<p>Tarifforderung bei Frikadellen, Br\u00f6tchen und Waffeln Von Hendrik Klein Hohe  [&#8230;]<\/p>\n","protected":false},"author":3,"featured_media":23875,"comment_status":"closed","ping_status":"closed","sticky":false,"template":"","format":"standard","meta":{"two_page_speed":[],"footnotes":""},"categories":[7],"tags":[],"class_list":["post-23874","post","type-post","status-publish","format-standard","has-post-thumbnail","hentry","category-dies-und-das"],"_links":{"self":[{"href":"https:\/\/www.mk-journal.de\/index.php\/wp-json\/wp\/v2\/posts\/23874","targetHints":{"allow":["GET"]}}],"collection":[{"href":"https:\/\/www.mk-journal.de\/index.php\/wp-json\/wp\/v2\/posts"}],"about":[{"href":"https:\/\/www.mk-journal.de\/index.php\/wp-json\/wp\/v2\/types\/post"}],"author":[{"embeddable":true,"href":"https:\/\/www.mk-journal.de\/index.php\/wp-json\/wp\/v2\/users\/3"}],"replies":[{"embeddable":true,"href":"https:\/\/www.mk-journal.de\/index.php\/wp-json\/wp\/v2\/comments?post=23874"}],"version-history":[{"count":1,"href":"https:\/\/www.mk-journal.de\/index.php\/wp-json\/wp\/v2\/posts\/23874\/revisions"}],"predecessor-version":[{"id":23876,"href":"https:\/\/www.mk-journal.de\/index.php\/wp-json\/wp\/v2\/posts\/23874\/revisions\/23876"}],"wp:featuredmedia":[{"embeddable":true,"href":"https:\/\/www.mk-journal.de\/index.php\/wp-json\/wp\/v2\/media\/23875"}],"wp:attachment":[{"href":"https:\/\/www.mk-journal.de\/index.php\/wp-json\/wp\/v2\/media?parent=23874"}],"wp:term":[{"taxonomy":"category","embeddable":true,"href":"https:\/\/www.mk-journal.de\/index.php\/wp-json\/wp\/v2\/categories?post=23874"},{"taxonomy":"post_tag","embeddable":true,"href":"https:\/\/www.mk-journal.de\/index.php\/wp-json\/wp\/v2\/tags?post=23874"}],"curies":[{"name":"wp","href":"https:\/\/api.w.org\/{rel}","templated":true}]}}