{"id":23877,"date":"2026-01-13T20:21:39","date_gmt":"2026-01-13T18:21:39","guid":{"rendered":"https:\/\/www.mk-journal.de\/?p=23877"},"modified":"2026-01-13T20:21:39","modified_gmt":"2026-01-13T18:21:39","slug":"ralf-schwarzkopf-erstmals-aufsichtsratsvorsitzender-der-suedwestfalen-agentur-gmbh","status":"publish","type":"post","link":"https:\/\/www.mk-journal.de\/index.php\/2026\/01\/13\/ralf-schwarzkopf-erstmals-aufsichtsratsvorsitzender-der-suedwestfalen-agentur-gmbh\/","title":{"rendered":"Ralf Schwarzkopf erstmals Aufsichtsratsvorsitzender der S\u00fcdwestfalen Agentur GmbH"},"content":{"rendered":"<h4>Landrat des M\u00e4rkischen Kreises \u00fcbernimmt \u2013 Abschluss der REGIONALE 2025 steht an \u2013 Arbeit an \u201eHandlungskonzept S\u00fcdwestfalen 2040\u201c<\/h4>\n<p>(EB). Ralf Schwarzkopf ist neuer Aufsichtsratsvorsitzender der S\u00fcdwestfalen Agentur GmbH. Er \u00fcbernimmt den Posten seines Amtskollegen Thomas Grosche aus dem Hochsauerlandkreis. Mit dem neuen Jahr wechselt turnusm\u00e4\u00dfig auch der Vorsitz zwischen den einzelnen Kreisen. F\u00fcr Ralf Schwarzkopf und die S\u00fcdwestfalen Agentur steht ein intensives Jahr an. Gro\u00dfe Strukturprogramme wie die REGIONALE 2025 enden, Kooperationsprojekte wie \u201eArbeitgeberschmiede S\u00fcdwestfalen PLUS\u201c starten und bis zum Sommer entsteht mit Akteuren aus der Region das \u201eHandlungskonzept 2040\u201c.<\/p>\n<p><strong>Nachfolger von Thomas Grosche HSK<\/strong><\/p>\n<p>Als neu gew\u00e4hlter Landrat \u00fcbernahm Thomas Grosche im November den Aufsichtsratsvorsitz. Nach zwei Monaten \u201ewandert\u201c der\u00a0 Chefsessel nun turnusm\u00e4\u00dfig zum Jahreswechsel aus dem Hochsauerland in den M\u00e4rkischen Kreis. In Thomas Grosches Zeit fiel die Kommunikation zur Er\u00f6ffnung der Rahmedetalbr\u00fccke der A45, die im Regionalmarketing der S\u00fcdwestfalen Agentur koordiniert wurde, und die Leitung der vorletzten Gremienrunde der REGIONALE 2025. \u201eDass neun Projekte eine F\u00f6rderzusage bzw. -perspektive bekommen haben, ist ein tolles Signal in die Region\u201c, sagte Grosche bei der Staffelstab-\u00dcbergabe. \u201eMit innovativen Ideen, starkem Engagement und guter Zusammenarbeit k\u00f6nnen wir viel erreichen.\u201c<\/p>\n<p><strong>Mit Arbeit der Agentur seit Jahren vertraut<\/strong><\/p>\n<p>Ralf Schwarzkopf ist erstmals Aufsichtsratsvorsitzender der S\u00fcdwestfalen Agentur. Dennoch kennt er die Agentur bereits seit vielen Jahren: durch seine Arbeit als Landtagsabgeordneter und als Gesch\u00e4ftsf\u00fchrer des Unternehmens Hotset, das wie \u00fcber 420 weitere Unternehmen Mitglied im Verein \u201eWirtschaft f\u00fcr S\u00fcdwestfalen\u201c ist. Der Verein und die f\u00fcnf Kreise bilden die sechs Gesellschafter der S\u00fcdwestfalen Agentur.<\/p>\n<p><strong>Weichenstellungen bei vielen Themen<\/strong><\/p>\n<p>Als Aufsichtsratsvorsitzender wird er k\u00fcnftig mit den anderen Landr\u00e4ten S\u00fcdwestfalens und dem Vereinsvorsitzenden Johannes Huxol die Agentur und ihre Arbeit eng begleiten und ihre Aufgabenfelder abstecken. Die Agentur profiliert die St\u00e4rken der Region und bringt Akteure zusammen, die mit L\u00f6sungen und Innovationen S\u00fcdwestfalen weiterentwickeln wollen. 2026 wird diesbez\u00fcglich ein wichtiges Jahr. W\u00e4hrend im Regionalmarketing der Agentur das Projekt \u201eArbeitgeberschmiede PLUS \u2013 Global Connect\u201c zur gezielten Gewinnung von internationalen Fachkr\u00e4ften f\u00fcr S\u00fcdwestfalen startet, laufen auch zwei gro\u00dfe Programme aus: die REGIONALE 2025, mit der bislang weit \u00fcber 120 Millionen Euro F\u00f6rderung in die Region geholt wurden, sowie das Bundesmodellvorhaben \u201eSmart Cities: 5 f\u00fcr S\u00fcdwestfalen\u201c.<\/p>\n<p><strong>S\u00fcdwestfalen-Konvent in Iserlohn<\/strong><\/p>\n<p>Die Erfolge daraus gelte es zu feiern und gleichzeitig die Weichen f\u00fcr die regionale Zusammenarbeit ab 2027 zu stellen, sagte Landrat Ralf Schwarzkopf. \u201eDaher arbeitet die S\u00fcdwestfalen Agentur bereits intensiv mit Akteuren aus der Region am \u201aHandlungskonzept S\u00fcdwestfalen 2040\u2018. Am 29. April findet in Iserlohn ein S\u00fcdwestfalen-Konvent statt, um m\u00f6glichst viele Verantwortliche aus Kommunen und Organisationen einzubinden.\u201c Bis zum Sommer soll das Konzept stehen. \u201eZiel muss es sein, als Region gemeinsam L\u00f6sungswege f\u00fcr zentrale Zukunftsaufgaben herauszuarbeiten und diese arbeitsteilig umzusetzen. Gelebte Zusammenarbeit zeichnet uns in S\u00fcdwestfalen aus. Diese St\u00e4rke werden wir weiter ausbauen.\u201c<\/p>\n","protected":false},"excerpt":{"rendered":"<p>Landrat des M\u00e4rkischen Kreises \u00fcbernimmt \u2013 Abschluss der REGIONALE 2025  [&#8230;]<\/p>\n","protected":false},"author":3,"featured_media":23878,"comment_status":"closed","ping_status":"closed","sticky":false,"template":"","format":"standard","meta":{"two_page_speed":[],"footnotes":""},"categories":[7],"tags":[],"class_list":["post-23877","post","type-post","status-publish","format-standard","has-post-thumbnail","hentry","category-dies-und-das"],"_links":{"self":[{"href":"https:\/\/www.mk-journal.de\/index.php\/wp-json\/wp\/v2\/posts\/23877","targetHints":{"allow":["GET"]}}],"collection":[{"href":"https:\/\/www.mk-journal.de\/index.php\/wp-json\/wp\/v2\/posts"}],"about":[{"href":"https:\/\/www.mk-journal.de\/index.php\/wp-json\/wp\/v2\/types\/post"}],"author":[{"embeddable":true,"href":"https:\/\/www.mk-journal.de\/index.php\/wp-json\/wp\/v2\/users\/3"}],"replies":[{"embeddable":true,"href":"https:\/\/www.mk-journal.de\/index.php\/wp-json\/wp\/v2\/comments?post=23877"}],"version-history":[{"count":1,"href":"https:\/\/www.mk-journal.de\/index.php\/wp-json\/wp\/v2\/posts\/23877\/revisions"}],"predecessor-version":[{"id":23879,"href":"https:\/\/www.mk-journal.de\/index.php\/wp-json\/wp\/v2\/posts\/23877\/revisions\/23879"}],"wp:featuredmedia":[{"embeddable":true,"href":"https:\/\/www.mk-journal.de\/index.php\/wp-json\/wp\/v2\/media\/23878"}],"wp:attachment":[{"href":"https:\/\/www.mk-journal.de\/index.php\/wp-json\/wp\/v2\/media?parent=23877"}],"wp:term":[{"taxonomy":"category","embeddable":true,"href":"https:\/\/www.mk-journal.de\/index.php\/wp-json\/wp\/v2\/categories?post=23877"},{"taxonomy":"post_tag","embeddable":true,"href":"https:\/\/www.mk-journal.de\/index.php\/wp-json\/wp\/v2\/tags?post=23877"}],"curies":[{"name":"wp","href":"https:\/\/api.w.org\/{rel}","templated":true}]}}