{"id":23886,"date":"2026-01-14T12:47:26","date_gmt":"2026-01-14T10:47:26","guid":{"rendered":"https:\/\/www.mk-journal.de\/?p=23886"},"modified":"2026-01-14T12:47:26","modified_gmt":"2026-01-14T10:47:26","slug":"baeume-erinnern-an-verdiente-mendener","status":"publish","type":"post","link":"https:\/\/www.mk-journal.de\/index.php\/2026\/01\/14\/baeume-erinnern-an-verdiente-mendener\/","title":{"rendered":"B\u00e4ume erinnern an verdiente Mendener"},"content":{"rendered":"<h4 style=\"margin-top: 2.55pt; text-align: justify;\"><span style=\"color: gray;\">Formular f\u00fcr Vorschl\u00e4ge steht ab sofort zur <span style=\"letter-spacing: -.1pt;\">Verf\u00fcgung<\/span><\/span><\/h4>\n<p>(PSM). Ab sofort und bis zum 30. Juni k\u00f6nnen alle B\u00fcrgerinnen und B\u00fcrger in Menden Vorschl\u00e4ge f\u00fcr die Ehrung durch einen Baum der Erinnerung machen, der in der zweiten Jahresh\u00e4lfte einer verdienstvollen Pers\u00f6nlichkeit der Stadt \u00f6ffentlich gewidmet wird. Menden lebt in besonderes Weise vom Engagement seiner B\u00fcrger und B\u00fcrgerinnen, die nach ihrem Tod eine besondere Ehrung verdient haben. Au\u00dferdem pflegt die H\u00f6nnestadt eine intensive Erinnerungskultur, die sich im R\u00fcckblick auf die Vergangenheit den Herausforderungen der Zukunft stellt.<\/p>\n<p><strong>Antrag der SPD-Fraktion<\/strong><\/p>\n<p>Diese Tatsache veranlasste die SPD-Fraktion, einen Antrag an den Rat zu stellen, demzufolge ein Wald der Erinnerung das Gedenken an verdiente Mendener Pers\u00f6nlichkeiten lebendig halten sollte. Der Ausschuss f\u00fcr Umwelt und Klima regte an, alte bereits vorhandene B\u00e4ume zur Erinnerung an verdiente Mendener B\u00fcrgerinnen und B\u00fcrger auszuw\u00e4hlen und mit einer informativen Beschilderung zu versehen. So wird das ehrenvolle Erinnern an Pers\u00f6nlichkeiten der Stadt sichergestellt, die sich durch ihr besonderes Engagement f\u00fcr die Stadt und das Wohlergehen ihrer Mitb\u00fcrgerinnen und Mitb\u00fcrger hervorgetan haben.<\/p>\n<p><strong>Verwaltung erarbeitete Konzept<\/strong><\/p>\n<p>Der Ausschuss f\u00fcr Kultur und Tourismus beauftragte die Verwaltung, ein Konzept und grunds\u00e4tzliche Kriterien im Hinblick auf das \u00f6ffentliche Erinnern an verdiente Mendener B\u00fcrgerinnen und B\u00fcrger auszuarbeiten. Daraufhin wurde seitens des Kulturb\u00fcros ein Konzept mit Richtlinien f\u00fcr die Umsetzung des Projektes \u201eB\u00e4ume der Erinnerung f\u00fcr verdienstvolle Pers\u00f6nlichkeiten der Stadt\u201c als Teil der Mendener Erinnerungslandschaft entwickelt. In seiner Sitzung am 18. Juni 2025 traf der Ausschuss f\u00fcr Kultur und Tourismus die Entscheidung, das Projekt ab dem Jubil\u00e4umsjahr 2026 umzusetzen. Daraufhin erstellte die Verwaltung ein Formular f\u00fcr die Einreichung von Vorschl\u00e4gen aus der B\u00fcrgerschaft. Dieses Formular steht nun auf der st\u00e4dtischen Website unter dem Link <a href=\"http:\/\/www.menden.de\/oeffentliches-erinnern\">www.menden.de\/oeffentliches-erinnern<\/a> bereit.<\/p>\n<p><strong>Kriterien wurden angepasst<\/strong><\/p>\n<p>Die Kriterien der Widmung sind dabei an die Richtlinien f\u00fcr die Benennung von Stra\u00dfen, Wegen und Pl\u00e4tzen der Stadt Menden sowie an die Richtlinien f\u00fcr die Verleihung der Ehrenb\u00fcrgerw\u00fcrde und die Vergabe des Heimatpreises angelehnt und dabei auf die spezielle Situation der Widmung von B\u00e4umen an verdienstvolle Pers\u00f6nlichkeiten in Menden angepasst worden.<\/p>\n<p><strong>Forstbetrieb hat geeignete B\u00e4ume<\/strong><\/p>\n<p>Welche Person durch einen Baum der Erinnerung geehrt und welchen geeigneten Baum sie zugewiesen bekommen k\u00f6nnte, entscheidet sich nach Durchsicht und gr\u00fcndlicher Recherche bez\u00fcglich der eingegangenen Vorschl\u00e4ge mit Blick auf die haupts\u00e4chliche Wirkungsst\u00e4tte und den Wohnort\/Lebensbereich der zu Ehrenden. Der Forstbetrieb verf\u00fcgt \u00fcber eine Vorschlagsliste geeigneter B\u00e4ume, die von Besuchern gut erreichbar und f\u00fcr die Idee insgesamt nutzbar sind. Die Vorschl\u00e4ge bez\u00fcglich der zu ehrenden Personen sowie der ihnen zugewiesenen B\u00e4ume wird von dem eigens daf\u00fcr zusammengestellten Gremium beraten und anschlie\u00dfend dem Kulturausschuss als Entscheidungsempfehlung vorgestellt.<\/p>\n<p><strong>Informationsstele gibt Auskunft<\/strong><\/p>\n<p>Die bereits vorhandenen B\u00e4ume, die ihrerseits eine eigene Geschichte mitbringen, werden durch die Umsetzung des Konzeptes \u201eB\u00e4ume der Erinnerung\u201c als weitere Stationen der Mendener Erinnerungslandschaft hinzugef\u00fcgt. Der Gedanke einer ehrenvollen Erinnerung w\u00fcrde ein neues, zeitgem\u00e4\u00dfes und aktualisiertes Erscheinungsbild bekommen. Eine schlichte Informationsstele gibt Auskunft \u00fcber die Verdienste und den Lebensweg der jeweiligen geehrten Pers\u00f6nlichkeit.<\/p>\n","protected":false},"excerpt":{"rendered":"<p>Formular f\u00fcr Vorschl\u00e4ge steht ab sofort zur Verf\u00fcgung (PSM). Ab  [&#8230;]<\/p>\n","protected":false},"author":3,"featured_media":23887,"comment_status":"closed","ping_status":"closed","sticky":false,"template":"","format":"standard","meta":{"two_page_speed":[],"footnotes":""},"categories":[10],"tags":[],"class_list":["post-23886","post","type-post","status-publish","format-standard","has-post-thumbnail","hentry","category-staedte-und-gemeinden"],"_links":{"self":[{"href":"https:\/\/www.mk-journal.de\/index.php\/wp-json\/wp\/v2\/posts\/23886","targetHints":{"allow":["GET"]}}],"collection":[{"href":"https:\/\/www.mk-journal.de\/index.php\/wp-json\/wp\/v2\/posts"}],"about":[{"href":"https:\/\/www.mk-journal.de\/index.php\/wp-json\/wp\/v2\/types\/post"}],"author":[{"embeddable":true,"href":"https:\/\/www.mk-journal.de\/index.php\/wp-json\/wp\/v2\/users\/3"}],"replies":[{"embeddable":true,"href":"https:\/\/www.mk-journal.de\/index.php\/wp-json\/wp\/v2\/comments?post=23886"}],"version-history":[{"count":1,"href":"https:\/\/www.mk-journal.de\/index.php\/wp-json\/wp\/v2\/posts\/23886\/revisions"}],"predecessor-version":[{"id":23888,"href":"https:\/\/www.mk-journal.de\/index.php\/wp-json\/wp\/v2\/posts\/23886\/revisions\/23888"}],"wp:featuredmedia":[{"embeddable":true,"href":"https:\/\/www.mk-journal.de\/index.php\/wp-json\/wp\/v2\/media\/23887"}],"wp:attachment":[{"href":"https:\/\/www.mk-journal.de\/index.php\/wp-json\/wp\/v2\/media?parent=23886"}],"wp:term":[{"taxonomy":"category","embeddable":true,"href":"https:\/\/www.mk-journal.de\/index.php\/wp-json\/wp\/v2\/categories?post=23886"},{"taxonomy":"post_tag","embeddable":true,"href":"https:\/\/www.mk-journal.de\/index.php\/wp-json\/wp\/v2\/tags?post=23886"}],"curies":[{"name":"wp","href":"https:\/\/api.w.org\/{rel}","templated":true}]}}