{"id":23915,"date":"2026-01-16T12:50:40","date_gmt":"2026-01-16T10:50:40","guid":{"rendered":"https:\/\/www.mk-journal.de\/?p=23915"},"modified":"2026-01-16T12:51:14","modified_gmt":"2026-01-16T10:51:14","slug":"stopsack-bleibt-fraktionsvorsitzender","status":"publish","type":"post","link":"https:\/\/www.mk-journal.de\/index.php\/2026\/01\/16\/stopsack-bleibt-fraktionsvorsitzender\/","title":{"rendered":"Stopsack bleibt Fraktionsvorsitzender"},"content":{"rendered":"<p><strong>Hemeraner wieder Chef der gemeinsamen LWL-Fraktion FDP\/Freie W\u00e4hler<\/strong><\/p>\n<p>(EB). Arne Hermann Stopsack aus Hemer bleibt Fraktionsvorsitzender der gemeinsamen Fraktion von FDP und Freien W\u00e4hlern in der Landsschaftsversammlung des Landschaftsverbandes Westfalen-Lippe.\u00a0Seit 2004 bilden die Freien Demokraten und Freien W\u00e4hler beim LWL eine gemeinsame Fraktion, was sie auch in den kommenden Jahren fortf\u00fchren werden. In der ersten Sitzung der Fraktion nach der Kommunalwahl und der daraus resultierenden Zusammensetzung der Landschaftsversammlung w\u00e4hlten die Mitglieder der FDP und der Freien W\u00e4hler wieder den Hemeraner Arne Hermann Stopsack (FDP) zu ihrem Vorsitzenden und Prof. Dr. Thomas Reinbold (Freie W\u00e4hler) zum Ersten Stellvertreter. Stopsack geh\u00f6rt dem Westfalenparlament seit 2009 an und ist dort seit 2017 Fraktionsvorsitzender. Neben den Themen Haushalt und Finanzen befasst sich Stopsack besonders mit der Gesundheitspolitik. Vor Ort in Hemer ist er seit 1999 Ratsmitglied und Fraktionsvorsitzender.<\/p>\n<p><strong>Landschaftsausschuss stellt Zusammensetzung fest<\/strong><\/p>\n<p>Am Freitag, 19. Dezember, hatte der Landschaftsausschuss in M\u00fcnster die endg\u00fcltige Zusammensetzung der 16. Landschaftsversammlung des Landschaftsverbandes Westfalen-Lippe (LWL) festgestellt. Die Mitglieder der Landschaftsversammlung werden von den Vertretungen der Mitgliedsk\u00f6rperschaften, also den 18 Kreistagen und neun R\u00e4ten der kreisfreien St\u00e4dte, gew\u00e4hlt. Aus jeder kreisfreien Stadt und jedem Kreis ziehen je 100.000 Einwohner eine Vertreterin bzw. ein Vertreter in die Landschaftsversammlung ein. Die Parteien sind in der Landschaftsversammlung genauso stark vertreten, wie sie westfalenweit bei den Kommunalwahlen abgeschnitten haben, weshalb nach der Wahl in den Mitgliedsk\u00f6rperschaften ein Verh\u00e4ltnisausgleich stattfindet.<\/p>\n<p><strong>114 Sitze im Westfalenparlament<\/strong><\/p>\n<p>Insgesamt hat das Parlament des LWL in der neuen Wahlperiode (2025-2030) 114 Sitze statt 125 in der vergangenen Wahlperiode. Die CDU bleibt dabei die st\u00e4rkste Fraktion mit 39 Sitzen (vorher 44), die SPD hat 28 Sitze (vorher 34), die AfD hat 18 Sitze (vorher 6) die Fraktion von B\u00fcndnis 90\/Die Gr\u00fcnen14 (vorher 22). Sechs Sitze entfallen auf die Linke, wobei sich zus\u00e4tzlich der Vertreter der Tierschutzpartei sowie der von DerPartei der Fraktion angeschlossen haben. Die FDP stellt vier Abgeordnete, die Freien W\u00e4hler zwei. Ferner ist ein Mitglied vom BSW in der Landschaftsversammlung als Einzelvertreter. Jetzt konstituieren sich beimLWL die Fraktionen und es \ufb01nden politische Gespr\u00e4che \u00fcber die Mehrheitsbildung statt. Es wird dabei zu einer gro\u00dfen Koalition aus CDU und SPD kommen. Die erste Sitzung der neuen Landschaftsversammlung mit den Gremienbesetzungen ist am 22. Januar.<\/p>\n<p><strong>20.000 Besch\u00e4ftigte<\/strong><\/p>\n<p>Der Landschaftsverband Westfalen-Lippe (LWL) arbeitet als Kommunalverband mit mehr als 20.000 Besch\u00e4ftigten f\u00fcr die 8,4 Millionen Menschen in der Region. Der LWL betreibt 35 F\u00f6rderschulen, 21 Krankenh\u00e4user, 18 Museen, zwei Besucherzentren und ist einer der gr\u00f6\u00dften deutschen Hilfezahler f\u00fcr Menschen mit Behinderung. Er erf\u00fcllt damit Aufgaben im sozialen Bereich, in der Behinderten- und Jugendhilfe, in der Psychiatrie und in der Kultur, die sinnvollerweise westfalenweit wahrgenommen werden. Der LWL hat einen Kernhaushalt von ca. 4,5 Mrd. Euro, insgesamt werden \u00fcber 8,5 Mrd. Euro bewirtschaftet.<\/p>\n<p><strong>Kreis zahlte 155,4 Millionen Euro Umlage<\/strong><\/p>\n<p>&#8222;Der M\u00e4rkische Kreis zahlte imvergangenen Jahr 155,4 Millionen Euro Umlage an den LWL. Im Gegenzug gab der LWL im Kreisgebiet Mittel von 307,3 Millionen Euro aus, das meiste davon f\u00fcr Menschen mit Behinderungen. Im Kreis besch\u00e4ftigt der LWL direkt 840 Personen, die meisten in den Kliniken&#8220;, soweit Arne Hermann Stopsack.<\/p>\n<p>&nbsp;<\/p>\n","protected":false},"excerpt":{"rendered":"<p>Hemeraner wieder Chef der gemeinsamen LWL-Fraktion FDP\/Freie W\u00e4hler (EB). Arne  [&#8230;]<\/p>\n","protected":false},"author":3,"featured_media":23917,"comment_status":"closed","ping_status":"closed","sticky":false,"template":"","format":"quote","meta":{"two_page_speed":[],"footnotes":""},"categories":[5],"tags":[],"class_list":["post-23915","post","type-post","status-publish","format-quote","has-post-thumbnail","hentry","category-politik","post_format-post-format-quote"],"_links":{"self":[{"href":"https:\/\/www.mk-journal.de\/index.php\/wp-json\/wp\/v2\/posts\/23915","targetHints":{"allow":["GET"]}}],"collection":[{"href":"https:\/\/www.mk-journal.de\/index.php\/wp-json\/wp\/v2\/posts"}],"about":[{"href":"https:\/\/www.mk-journal.de\/index.php\/wp-json\/wp\/v2\/types\/post"}],"author":[{"embeddable":true,"href":"https:\/\/www.mk-journal.de\/index.php\/wp-json\/wp\/v2\/users\/3"}],"replies":[{"embeddable":true,"href":"https:\/\/www.mk-journal.de\/index.php\/wp-json\/wp\/v2\/comments?post=23915"}],"version-history":[{"count":1,"href":"https:\/\/www.mk-journal.de\/index.php\/wp-json\/wp\/v2\/posts\/23915\/revisions"}],"predecessor-version":[{"id":23918,"href":"https:\/\/www.mk-journal.de\/index.php\/wp-json\/wp\/v2\/posts\/23915\/revisions\/23918"}],"wp:featuredmedia":[{"embeddable":true,"href":"https:\/\/www.mk-journal.de\/index.php\/wp-json\/wp\/v2\/media\/23917"}],"wp:attachment":[{"href":"https:\/\/www.mk-journal.de\/index.php\/wp-json\/wp\/v2\/media?parent=23915"}],"wp:term":[{"taxonomy":"category","embeddable":true,"href":"https:\/\/www.mk-journal.de\/index.php\/wp-json\/wp\/v2\/categories?post=23915"},{"taxonomy":"post_tag","embeddable":true,"href":"https:\/\/www.mk-journal.de\/index.php\/wp-json\/wp\/v2\/tags?post=23915"}],"curies":[{"name":"wp","href":"https:\/\/api.w.org\/{rel}","templated":true}]}}