{"id":23947,"date":"2026-01-19T13:51:15","date_gmt":"2026-01-19T11:51:15","guid":{"rendered":"https:\/\/www.mk-journal.de\/?p=23947"},"modified":"2026-01-19T13:51:38","modified_gmt":"2026-01-19T11:51:38","slug":"200-schornsteinfeger-in-arnsberg","status":"publish","type":"post","link":"https:\/\/www.mk-journal.de\/index.php\/2026\/01\/19\/200-schornsteinfeger-in-arnsberg\/","title":{"rendered":"200 Schornsteinfeger in Arnsberg"},"content":{"rendered":"<p><strong>Neujahrsempfang beim Regierungspr\u00e4sidenten<\/strong><\/p>\n<p>(EB). Regierungspr\u00e4sident Heinrich B\u00f6ckel\u00fchr hat beim traditionellen Neujahrsempfang der Schornsteinfegerinnung\u00a0 rund 200 Schornsteinfegerinnen und -feger aus dem gesamten Regierungsbezirk Arnsberg begr\u00fc\u00dft. Dabei w\u00fcrdigte er besonders das Engagement sowie die Bedeutung des Schornsteinfegerhandwerks f\u00fcr Sicherheit, Energieeffizienz und Klimaschutz und \u00fcbergab die Bestellungsurkunden f\u00fcr die freigewordenen Kehrbezirke. Eine davon ging an einen Bezirksschornsteinfeger im M\u00e4rkischen Kreis.<\/p>\n<p><strong>Kompetente Ansprechpartner vor Ort<\/strong><\/p>\n<p>\u201eIn Zeiten beschleunigter energetischer und technologischer Ver\u00e4nderungen ist das Schornsteinfegerhandwerk unverzichtbar. Mit Blick auf die aktuellen Herausforderungen bei der W\u00e4rmewende und dem Ausbau erneuerbarer Energiesysteme sind Sie die kompetenten Ansprechpartner vor Ort\u201c, betonte Heinrich B\u00f6ckel\u00fchr. Der Regierungspr\u00e4sident bedankte sich au\u00dferdem ausdr\u00fccklich f\u00fcr das Engagement des Schornsteinfegerhandwerks im Ausbildungssektor. In den 320 Kehrbezirken im Regierungsbezirk Arnsberg bilden sie 103 junge Nachwuchskr\u00e4fte aus.<\/p>\n<p><strong>Bestellungsurkunden f\u00fcr Kehrbezirke<\/strong><\/p>\n<p>Ein H\u00f6hepunkt des Empfangs war die \u00dcbergabe von Bestellungsurkunden f\u00fcr freigewordene Kehrbezirke. Regierungspr\u00e4sident Heinrich B\u00f6ckel\u00fchr \u00fcberreichte dieses Jahr insgesamt sechs Bestellungsurkunden, die nach einer Reform von 2013 auf sieben Jahre befristet sind. F\u00fcr die Auswahl spielen sowohl die Berufserfahrung im Schornsteinfegerhandwerk als auch die regelm\u00e4\u00dfige Teilnahme an Fort- und Weiterbildungen eine wichtige Rolle.<\/p>\n<p><strong>Jan-Niklas Lichtenberg bestellt<\/strong><\/p>\n<p>Jan-Niklas Lichtenberg wurde mir Wirkung zum 1. Januar zum bevollm\u00e4chtigten Bezirksschornsteinfeger f\u00fcr den Kehrbezirk \u201eM\u00e4rkischer Kreis 03\u201c bestellt. Der Kehrbezirk umfasst Iserlohn-Wermingsen, Iserlohn-Kesbern und einen Teil von Iserlohn-Dahlsen. Jan-Niklas Lichtenberg besitzt die Zusatzqualifikation \u201eGeb\u00e4udeenergieberater\u201c. Er \u00fcbernimmt den Kehrbezirk von Sascha Ott, der f\u00fcr einen Kehrbezirk in Herne bestellt wurde.<\/p>\n<p><strong>Fu\u00dfmarsch durch Dortmunder City<\/strong><\/p>\n<p>Vor dem traditionellen j\u00e4hrlichen Empfang bei der Bezirksregierung Arnsberg in der Dortmunder Goebenstra\u00dfe waren die Schornsteinfegerinnen und Schornsteinfeger zudem durch die Innenstadt gewandert. Der Fu\u00dfmarsch der \u201eGl\u00fccksbringerzunft\u201c hat ebenfalls Tradition und wurde wieder mit gro\u00dfem Interesse verfolgt.<\/p>\n","protected":false},"excerpt":{"rendered":"<p>Neujahrsempfang beim Regierungspr\u00e4sidenten (EB). Regierungspr\u00e4sident Heinrich B\u00f6ckel\u00fchr hat beim traditionellen  [&#8230;]<\/p>\n","protected":false},"author":3,"featured_media":23948,"comment_status":"closed","ping_status":"closed","sticky":false,"template":"","format":"standard","meta":{"two_page_speed":[],"footnotes":""},"categories":[18],"tags":[],"class_list":["post-23947","post","type-post","status-publish","format-standard","has-post-thumbnail","hentry","category-witschaft"],"_links":{"self":[{"href":"https:\/\/www.mk-journal.de\/index.php\/wp-json\/wp\/v2\/posts\/23947","targetHints":{"allow":["GET"]}}],"collection":[{"href":"https:\/\/www.mk-journal.de\/index.php\/wp-json\/wp\/v2\/posts"}],"about":[{"href":"https:\/\/www.mk-journal.de\/index.php\/wp-json\/wp\/v2\/types\/post"}],"author":[{"embeddable":true,"href":"https:\/\/www.mk-journal.de\/index.php\/wp-json\/wp\/v2\/users\/3"}],"replies":[{"embeddable":true,"href":"https:\/\/www.mk-journal.de\/index.php\/wp-json\/wp\/v2\/comments?post=23947"}],"version-history":[{"count":1,"href":"https:\/\/www.mk-journal.de\/index.php\/wp-json\/wp\/v2\/posts\/23947\/revisions"}],"predecessor-version":[{"id":23949,"href":"https:\/\/www.mk-journal.de\/index.php\/wp-json\/wp\/v2\/posts\/23947\/revisions\/23949"}],"wp:featuredmedia":[{"embeddable":true,"href":"https:\/\/www.mk-journal.de\/index.php\/wp-json\/wp\/v2\/media\/23948"}],"wp:attachment":[{"href":"https:\/\/www.mk-journal.de\/index.php\/wp-json\/wp\/v2\/media?parent=23947"}],"wp:term":[{"taxonomy":"category","embeddable":true,"href":"https:\/\/www.mk-journal.de\/index.php\/wp-json\/wp\/v2\/categories?post=23947"},{"taxonomy":"post_tag","embeddable":true,"href":"https:\/\/www.mk-journal.de\/index.php\/wp-json\/wp\/v2\/tags?post=23947"}],"curies":[{"name":"wp","href":"https:\/\/api.w.org\/{rel}","templated":true}]}}