{"id":23950,"date":"2026-01-19T14:14:36","date_gmt":"2026-01-19T12:14:36","guid":{"rendered":"https:\/\/www.mk-journal.de\/?p=23950"},"modified":"2026-01-19T14:18:34","modified_gmt":"2026-01-19T12:18:34","slug":"industrieoffensive-maerkische-region-startet","status":"publish","type":"post","link":"https:\/\/www.mk-journal.de\/index.php\/2026\/01\/19\/industrieoffensive-maerkische-region-startet\/","title":{"rendered":"Industrieoffensive M\u00e4rkische Region startet"},"content":{"rendered":"<p>(pen) Die Gesellschaft zur Wirtschafts- und Strukturf\u00f6rderung im M\u00e4rkischen Kreis mbH (GWS), die Hagen.Wirtschaftsentwicklung GmbH, die Wirtschaftsf\u00f6rderungsagentur Ennepe-Ruhr GmbH (EN-Agentur), die S\u00fcdwestf\u00e4lische Industrie- und Handelskammer zu Hagen (SIHK) und die ZENIT GmbH \u2013 Zentrum f\u00fcr Innovation und Technik in Nordrhein-Westfalen starten mit fachlicher Begleitung des SIHK-Industrieausschusses gemeinsam ein landesweit beachtetes Transformationsprojekt zur Zukunftssicherung der industriellen Basis in S\u00fcdwestfalen. \u201eZiel ist es, die Unternehmen der Region bei der Erschlie\u00dfung neuer M\u00e4rkte und der Entwicklung zukunftsf\u00e4higer Gesch\u00e4ftsmodelle zu unterst\u00fctzen \u2013 und damit die industrielle Resilienz der M\u00e4rkischen Region nachhaltig zu st\u00e4rken\u201c, betont SIHK-Pr\u00e4sident Ralf Stoffels.<\/p>\n<p><strong>Industriestandort mit Zukunft:<\/strong> <strong>neue M\u00e4rkte, neue Perspektiven<\/strong><\/p>\n<p>Die M\u00e4rkische Region z\u00e4hlt zu den industriellen Zentren Nordrhein-Westfalens. Doch steigende Energiepreise, Fachkr\u00e4ftemangel, geopolitische Unsicherheiten und der Strukturwandel in der Automobilindustrie setzen die Unternehmen zunehmend unter Druck. Ralf Schwarzkopf, Landrat des M\u00e4rkischen Kreises: \u201eHier wird deutlich, wie Wirtschaft, Wissenschaft und Politik gemeinsam die Transformation gestalten k\u00f6nnen \u2013 vom reinen Krisenmanagement hin zu einer aktiven Zukunftssicherung.\u201c<\/p>\n<p><strong>Unterst\u00fctzung neue M\u00e4rkte zu erschlie\u00dfen<\/strong><\/p>\n<p>Dennis Rehbein, Oberb\u00fcrgermeister der Stadt Hagen betont: \u201e\u201eMit der Industrieoffensive unterst\u00fctzen wir Unternehmen ganz konkret dabei, neue M\u00e4rkte zu erschlie\u00dfen und breiter aufgestellt zu sein. Das st\u00e4rkt Wachstum und Arbeitspl\u00e4tze in der M\u00e4rkischen Region. Hagen bringt sich aktiv ein und sorgt daf\u00fcr, dass Betriebe zukunftssicher werden.\u201c Jan-Christoph Schaberick, Landrat des Ennepe-Ruhr-Kreises erg\u00e4nzt: \u201eWir wollen die industrielle St\u00e4rke der Region erhalten und gleichzeitig neue Wachstumsfelder erschlie\u00dfen. Mit unserem gemeinsamen Projekt schaffen wir die Grundlage f\u00fcr eine nachhaltige, innovationsorientierte Industriepolitik in S\u00fcdwestfalen.\u201c Das Projekt sieht einen strukturierten Bef\u00e4higungsprozess f\u00fcr die Unternehmen in der M\u00e4rkischen Region vor. Dazu geh\u00f6ren Marktanalysen, Workshops, ein modularer Methodenkasten zur Innovationsentwicklung und die Entwicklung eines digitalen Lieferkettentools, das Transparenz \u00fcber Wertsch\u00f6pfungsbeziehungen schafft. Ziel ist es, die Unternehmen in die Lage zu versetzen, auf Basis ihrer vorhandenen Kompetenzen neue Produkte, M\u00e4rkte und Partnerschaften zu erschlie\u00dfen.<\/p>\n<p><strong>Hintergrund<\/strong><\/p>\n<p>Die \u201eIndustrieoffensive M\u00e4rkische Region\u201c ist Teil der Ma\u00dfnahme 1.4 \u2013 Wissens- und Technologietransfer des EFRE\/JTF-F\u00f6rderprogramms NRW 2021\u20132027. Ziel ist es, den Wissenstransfer zwischen Wirtschaft, Wissenschaft und Verwaltung zu st\u00e4rken und neue industrielle Wertsch\u00f6pfung in Nordrhein-Westfalen zu erm\u00f6glichen. Das Vorhaben wird durch das Land Nordrhein-Westfalen sowie die Europ\u00e4ische Union finanziell unterst\u00fctzt.<\/p>\n","protected":false},"excerpt":{"rendered":"<p>(pen) Die Gesellschaft zur Wirtschafts- und Strukturf\u00f6rderung im M\u00e4rkischen Kreis  [&#8230;]<\/p>\n","protected":false},"author":3,"featured_media":23951,"comment_status":"closed","ping_status":"closed","sticky":false,"template":"","format":"standard","meta":{"two_page_speed":[],"footnotes":""},"categories":[18],"tags":[],"class_list":["post-23950","post","type-post","status-publish","format-standard","has-post-thumbnail","hentry","category-witschaft"],"_links":{"self":[{"href":"https:\/\/www.mk-journal.de\/index.php\/wp-json\/wp\/v2\/posts\/23950","targetHints":{"allow":["GET"]}}],"collection":[{"href":"https:\/\/www.mk-journal.de\/index.php\/wp-json\/wp\/v2\/posts"}],"about":[{"href":"https:\/\/www.mk-journal.de\/index.php\/wp-json\/wp\/v2\/types\/post"}],"author":[{"embeddable":true,"href":"https:\/\/www.mk-journal.de\/index.php\/wp-json\/wp\/v2\/users\/3"}],"replies":[{"embeddable":true,"href":"https:\/\/www.mk-journal.de\/index.php\/wp-json\/wp\/v2\/comments?post=23950"}],"version-history":[{"count":4,"href":"https:\/\/www.mk-journal.de\/index.php\/wp-json\/wp\/v2\/posts\/23950\/revisions"}],"predecessor-version":[{"id":23955,"href":"https:\/\/www.mk-journal.de\/index.php\/wp-json\/wp\/v2\/posts\/23950\/revisions\/23955"}],"wp:featuredmedia":[{"embeddable":true,"href":"https:\/\/www.mk-journal.de\/index.php\/wp-json\/wp\/v2\/media\/23951"}],"wp:attachment":[{"href":"https:\/\/www.mk-journal.de\/index.php\/wp-json\/wp\/v2\/media?parent=23950"}],"wp:term":[{"taxonomy":"category","embeddable":true,"href":"https:\/\/www.mk-journal.de\/index.php\/wp-json\/wp\/v2\/categories?post=23950"},{"taxonomy":"post_tag","embeddable":true,"href":"https:\/\/www.mk-journal.de\/index.php\/wp-json\/wp\/v2\/tags?post=23950"}],"curies":[{"name":"wp","href":"https:\/\/api.w.org\/{rel}","templated":true}]}}