{"id":23962,"date":"2026-01-20T12:03:45","date_gmt":"2026-01-20T10:03:45","guid":{"rendered":"https:\/\/www.mk-journal.de\/?p=23962"},"modified":"2026-01-20T12:03:45","modified_gmt":"2026-01-20T10:03:45","slug":"transformation-und-infrastruktur-im-fokus","status":"publish","type":"post","link":"https:\/\/www.mk-journal.de\/index.php\/2026\/01\/20\/transformation-und-infrastruktur-im-fokus\/","title":{"rendered":"Transformation und Infrastruktur im Fokus"},"content":{"rendered":"<h4>SIHK im Dialog mit Landrat Ralf Schwarzkopf<\/h4>\n<p>(pmk). Im Dialog zwischen der S\u00fcdwestf\u00e4lischen Industrie- und Handelskammer zu Hagen (SIHK) und Landrat Ralf Schwarzkopf standen wichtige Zukunftsfragen f\u00fcr den Wirtschaftsstandort M\u00e4rkischer Kreis und die Region S\u00fcdwestfalen im Fokus. Im Gespr\u00e4ch ging es unter anderem um die Transformation der Automobilbranche sowie die Bedeutung einer leistungsf\u00e4higen Verkehrsinfrastruktur. Dazu waren SIHK-Hauptgesch\u00e4ftsf\u00fchrer Dr. Ralf Geruschkat, die Vizepr\u00e4sidenten Dr. Sarah Schniewindt und Hermann Josef Schulte sowie Gesch\u00e4ftsstellenleiter Claus Hegewaldt (L\u00fcdenscheid) vor Ort im Kreishaus L\u00fcdenscheid.<\/p>\n<p><strong>Hohes technisches Knowhow<\/strong><\/p>\n<p>Ein zentrales Thema war die Frage, wie insbesondere f\u00fcr den industriell gepr\u00e4gten Mittelstand neue wirtschaftliche Chancen ergriffen werden k\u00f6nnen. Viele Unternehmen in der Region verf\u00fcgen \u00fcber ein hohes technisches Knowhow, das in neuen Feldern wie beispielsweise Gesundheit, Medizin und Sicherheit genutzt werden kann. \u201eUnsere Unternehmen sind innovativ, flexibel und technologisch stark\u201c, sagte Landrat Ralf Schwarzkopf und erg\u00e4nzte: \u201eDiese St\u00e4rken k\u00f6nnen auch in neuen Wertsch\u00f6pfungsketten eine wichtige Rolle spielen.\u201c<\/p>\n<p><strong>Weiterentwicklung der Automobilindustrie<\/strong><\/p>\n<p>Breiten Raum nahm auch die Transformation der Automobilbranche ein, die S\u00fcdwestfalen und den M\u00e4rkischen Kreis besonders betrifft. Dabei machten sowohl die SIHK als auch der Landrat deutlich, dass es nicht um einen Abschied von der Automobilindustrie geht, sondern um deren Weiterentwicklung. Wichtig sei, die Branche fit f\u00fcr die Zukunft zu machen, vorhandene St\u00e4rken zu nutzen, neue Gesch\u00e4ftsfelder zu erschlie\u00dfen und den Wirtschaftsstandort dauerhaft stark zu halten. Dr. Ralf Geruschkat, Hauptgesch\u00e4ftsf\u00fchrer der SIHK zu Hagen, betonte: \u201eDie Transformation ist nicht nur eine Herausforderung, sie bietet auch Chancen. Unternehmen k\u00f6nnen ihre Expertise in neue M\u00e4rkte \u00fcbertragen \u2013 von neuen Mobilit\u00e4tsl\u00f6sungen bis hin zu sicherheits- oder verteidigungsnahen Produkten. Diesen Wandel wollen wir aktiv begleiten.\u201c<\/p>\n<p><strong>Nach A45-Freigabe: Sanierung des nachgelagerten Verkehrsnetzes<\/strong><\/p>\n<p>Gro\u00dfe Erleichterung herrscht nach der Freigabe der A45-Rahmedetalbr\u00fccke. Kein Zweifel: die wieder befahrbare Br\u00fccke wird von den B\u00fcrgerinnen und B\u00fcrgern, aber auch von der Wirtschaft und den Unternehmen als sp\u00fcrbare Entlastung wahrgenommen. Gleichzeitig besteht Einigkeit dar\u00fcber, dass der Fokus jetzt direkt auf der Sanierung des nachgelagerten Verkehrsnetzes liegen muss. Das Landes-Sonderprogramm \u201eStra\u00dfeninfrastruktur S\u00fcdwestfalen\u201c spielt dabei eine zentrale Rolle. Dr. Ralf Geruschkat und Ralf Schwarzkopf: \u201eDie Er\u00f6ffnung der A45-Rahmedetalbr\u00fccke ist ein wichtiger Schritt, reicht aber alleine nicht aus. Jetzt kommt es auf eine gute Koordination der Sanierung der Bundes-, Landes- und Kreisstra\u00dfen an, damit die gesamte Region verl\u00e4sslich angebunden bleibt.\u201c<\/p>\n<p><strong>Enge Zusammenarbeit wichtig<\/strong><\/p>\n<p>SIHK und Landrat waren sich einig, dass eine enge Zusammenarbeit von Wirtschaft, Kammern und Verwaltung entscheidend ist, um Transformation, neue wirtschaftliche Chancen und eine verl\u00e4ssliche Infrastruktur erfolgreich miteinander zu verbinden.<\/p>\n","protected":false},"excerpt":{"rendered":"<p>SIHK im Dialog mit Landrat Ralf Schwarzkopf (pmk). Im Dialog  [&#8230;]<\/p>\n","protected":false},"author":3,"featured_media":23963,"comment_status":"closed","ping_status":"closed","sticky":false,"template":"","format":"standard","meta":{"two_page_speed":[],"footnotes":""},"categories":[18],"tags":[],"class_list":["post-23962","post","type-post","status-publish","format-standard","has-post-thumbnail","hentry","category-witschaft"],"_links":{"self":[{"href":"https:\/\/www.mk-journal.de\/index.php\/wp-json\/wp\/v2\/posts\/23962","targetHints":{"allow":["GET"]}}],"collection":[{"href":"https:\/\/www.mk-journal.de\/index.php\/wp-json\/wp\/v2\/posts"}],"about":[{"href":"https:\/\/www.mk-journal.de\/index.php\/wp-json\/wp\/v2\/types\/post"}],"author":[{"embeddable":true,"href":"https:\/\/www.mk-journal.de\/index.php\/wp-json\/wp\/v2\/users\/3"}],"replies":[{"embeddable":true,"href":"https:\/\/www.mk-journal.de\/index.php\/wp-json\/wp\/v2\/comments?post=23962"}],"version-history":[{"count":1,"href":"https:\/\/www.mk-journal.de\/index.php\/wp-json\/wp\/v2\/posts\/23962\/revisions"}],"predecessor-version":[{"id":23964,"href":"https:\/\/www.mk-journal.de\/index.php\/wp-json\/wp\/v2\/posts\/23962\/revisions\/23964"}],"wp:featuredmedia":[{"embeddable":true,"href":"https:\/\/www.mk-journal.de\/index.php\/wp-json\/wp\/v2\/media\/23963"}],"wp:attachment":[{"href":"https:\/\/www.mk-journal.de\/index.php\/wp-json\/wp\/v2\/media?parent=23962"}],"wp:term":[{"taxonomy":"category","embeddable":true,"href":"https:\/\/www.mk-journal.de\/index.php\/wp-json\/wp\/v2\/categories?post=23962"},{"taxonomy":"post_tag","embeddable":true,"href":"https:\/\/www.mk-journal.de\/index.php\/wp-json\/wp\/v2\/tags?post=23962"}],"curies":[{"name":"wp","href":"https:\/\/api.w.org\/{rel}","templated":true}]}}