{"id":23971,"date":"2026-01-20T13:12:22","date_gmt":"2026-01-20T11:12:22","guid":{"rendered":"https:\/\/www.mk-journal.de\/?p=23971"},"modified":"2026-01-20T13:14:46","modified_gmt":"2026-01-20T11:14:46","slug":"feierliche-einbuergerungen-im-kai","status":"publish","type":"post","link":"https:\/\/www.mk-journal.de\/index.php\/2026\/01\/20\/feierliche-einbuergerungen-im-kai\/","title":{"rendered":"Feierliche Einb\u00fcrgerungen im KAI"},"content":{"rendered":"<h4>39 \u201eneue\u201c Iserlohnerinnen und Iserlohner erhalten die deutsche Staatsangeh\u00f6rigkeit<\/h4>\n<p>(PSI). Im Rahmen einer Feierstunde wurden jetzt im KAI-Geb\u00e4ude (Kommunikation, Austausch und Innovation) an der Rahmenstra\u00dfe Iserlohnerinnen und Iserlohner eingeb\u00fcrgert und erhielten somit die deutsche Staatsangeh\u00f6rigkeit. Die feierliche Einb\u00fcrgerung wurde von der Stadt Iserlohn organisiert um die Vielfalt, die die Menschen anderer Herkunft mitbringen, zu feiern und die gesellschaftliche Integration neuer Staatsb\u00fcrger zu f\u00f6rdern. So soll das Gemeinschafts- und das Zugeh\u00f6rigkeitsgef\u00fchl aller gest\u00e4rkt werden.<\/p>\n<p><strong>Einb\u00fcrgerungs-Urkunden \u00fcberreicht<\/strong><\/p>\n<p>In seinem Gru\u00dfwort hie\u00df B\u00fcrgermeister Michael Joithe die neuen deutschen Staatsb\u00fcrgerinnen und -b\u00fcrger herzlich willkommen und \u00fcberreichte mit einem H\u00e4ndedruck die Urkunden. In seiner Ansprache betonte er die Wichtigkeit des friedvollen Zusammenlebens und die Bereicherung, die Menschen unterschiedlicher Herkunft mit ihren Lebensgeschichten und Erfahrungen f\u00fcr die Stadt und die Gesellschaft bringen.<\/p>\n<p><strong>Neub\u00fcrger aus 14 L\u00e4ndern<\/strong><\/p>\n<p>Die frisch eingeb\u00fcrgerten Erwachsenen und Kinder stammen aus 14 L\u00e4ndern: Moldau, Brasilien, Polen, Syrien, T\u00fcrkei, Mazedonien, Bosnien und Herzegowina, Marokko, Albanien, Griechenland, Libanon, Afghanistan, Iran, Ruanda sowie eine staatenlose Person. Der j\u00fcngste &#8222;Neudeutsche&#8220; ist 1 Jahr alt, die \u00e4lteste Person ist 55 Jahre alt. Die Stadt Iserlohn hat sich vorgenommen, mehrere Einb\u00fcrgerungsfeiern pro Jahr durchzuf\u00fchren. Nach den ersten beiden Feiern im August und November 2024 und f\u00fcnf weiterer im vergangenen Jahr war dies die bereits achte Veranstaltung dieser Art.<\/p>\n","protected":false},"excerpt":{"rendered":"<p>39 \u201eneue\u201c Iserlohnerinnen und Iserlohner erhalten die deutsche Staatsangeh\u00f6rigkeit (PSI).  [&#8230;]<\/p>\n","protected":false},"author":3,"featured_media":23972,"comment_status":"closed","ping_status":"closed","sticky":false,"template":"","format":"standard","meta":{"two_page_speed":[],"footnotes":""},"categories":[10],"tags":[],"class_list":["post-23971","post","type-post","status-publish","format-standard","has-post-thumbnail","hentry","category-staedte-und-gemeinden"],"_links":{"self":[{"href":"https:\/\/www.mk-journal.de\/index.php\/wp-json\/wp\/v2\/posts\/23971","targetHints":{"allow":["GET"]}}],"collection":[{"href":"https:\/\/www.mk-journal.de\/index.php\/wp-json\/wp\/v2\/posts"}],"about":[{"href":"https:\/\/www.mk-journal.de\/index.php\/wp-json\/wp\/v2\/types\/post"}],"author":[{"embeddable":true,"href":"https:\/\/www.mk-journal.de\/index.php\/wp-json\/wp\/v2\/users\/3"}],"replies":[{"embeddable":true,"href":"https:\/\/www.mk-journal.de\/index.php\/wp-json\/wp\/v2\/comments?post=23971"}],"version-history":[{"count":3,"href":"https:\/\/www.mk-journal.de\/index.php\/wp-json\/wp\/v2\/posts\/23971\/revisions"}],"predecessor-version":[{"id":23975,"href":"https:\/\/www.mk-journal.de\/index.php\/wp-json\/wp\/v2\/posts\/23971\/revisions\/23975"}],"wp:featuredmedia":[{"embeddable":true,"href":"https:\/\/www.mk-journal.de\/index.php\/wp-json\/wp\/v2\/media\/23972"}],"wp:attachment":[{"href":"https:\/\/www.mk-journal.de\/index.php\/wp-json\/wp\/v2\/media?parent=23971"}],"wp:term":[{"taxonomy":"category","embeddable":true,"href":"https:\/\/www.mk-journal.de\/index.php\/wp-json\/wp\/v2\/categories?post=23971"},{"taxonomy":"post_tag","embeddable":true,"href":"https:\/\/www.mk-journal.de\/index.php\/wp-json\/wp\/v2\/tags?post=23971"}],"curies":[{"name":"wp","href":"https:\/\/api.w.org\/{rel}","templated":true}]}}