{"id":23981,"date":"2026-01-21T17:33:45","date_gmt":"2026-01-21T15:33:45","guid":{"rendered":"https:\/\/www.mk-journal.de\/?p=23981"},"modified":"2026-01-21T17:33:45","modified_gmt":"2026-01-21T15:33:45","slug":"gedenkweg-am-27-januar","status":"publish","type":"post","link":"https:\/\/www.mk-journal.de\/index.php\/2026\/01\/21\/gedenkweg-am-27-januar\/","title":{"rendered":"\u201eGedenkweg\u201c am 27. Januar"},"content":{"rendered":"<h4><strong>Heimatverein und \u201eBahnsteig 42\u201c erinnern an Opfer des Nationalsozialismus<\/strong><\/h4>\n<p><strong>Von Hendrik Klein<\/strong><\/p>\n<p>Der Heimatverein Letmathe l\u00e4dt in Kooperation mit dem \u201eBahnsteig 42\u201c am Dienstag, 27. Januar, 16:00 Uhr, zu einem \u201eGedenkweg\u201c ein. Anlass ist der \u201eTag des Gedenkens an die Opfer des Nationalsozialismus. Der Weg f\u00fchrt mit drei Stationen durch die Letmather Innenstadt bis zum Bahnhof. In Letmathe erinnern seit vielen Jahren sogenannte Stolpersteine an die Opfer der Nazi-Diktatur j\u00fcdischen Glaubens, seit letztem Jahr erinnert zudem ein Gedenkfenster am Bahnhof an die sogenannten Krankenmorde in der Zeit des Nationalsozialismus.<\/p>\n<p><strong>Startpunkt Hagener Stra\u00dfe 58<\/strong><\/p>\n<p>Stolpersteine stehen vor den H\u00e4usern Hagener Stra\u00dfe 58 (Julius Koppel), dort startet um 16:00 Uhr der \u201eGedenkweg\u201c, und Bahnhofstra\u00dfe 2 (Familie Meyberg). Bekannt ist das Foto, das die Pl\u00fcnderung der Wohnung der j\u00fcdischen Familie Meyberg im Jahr 1938 zeigt. Dritte Station des Weges wird das Gedenkfenster f\u00fcr Johann Franz Trompeter am Letmather Bahnhof sein.<\/p>\n<p><strong>Gedenktafel am Bahnhof<\/strong><\/p>\n<p>Das Gedenkfenster am Bahnhof erinnert &#8211; stellvertretend f\u00fcr die Opfer der Krankenmorde der Nazis &#8211; an den Letmather Johann Franz Trompeter, der im Rahmen der T4-Aktion in der Anstalt Hadamar ums Leben kam. Seit vielen Jahren ist der Holocaust-Gedenktag in Letmathe der Anlass, der Opfer des Nationalsozialismus zu gedenken.<\/p>\n<p><strong>Stolpersteine putzen<\/strong><\/p>\n<p>Der Heimatverein Letmathe l\u00e4dt in Kooperation mit dem &#8218;Bahnsteig 42\u2018 zum Putzen der Letmather Stolpersteine ein. Burckhardt H\u00f6lscher, Peter Trotier und Pascal Wink werden Worte des Gedenkens sprechen. F\u00fcr die musikalische Umrahmung sorgen Franziska Rabener und Kathrin Asmuth von der Concert Band des Musikvereins der Kolpingsfamilie Letmathe.<\/p>\n","protected":false},"excerpt":{"rendered":"<p>Heimatverein und \u201eBahnsteig 42\u201c erinnern an Opfer des Nationalsozialismus Von  [&#8230;]<\/p>\n","protected":false},"author":3,"featured_media":23982,"comment_status":"closed","ping_status":"closed","sticky":false,"template":"","format":"standard","meta":{"two_page_speed":[],"footnotes":""},"categories":[7],"tags":[],"class_list":["post-23981","post","type-post","status-publish","format-standard","has-post-thumbnail","hentry","category-dies-und-das"],"_links":{"self":[{"href":"https:\/\/www.mk-journal.de\/index.php\/wp-json\/wp\/v2\/posts\/23981","targetHints":{"allow":["GET"]}}],"collection":[{"href":"https:\/\/www.mk-journal.de\/index.php\/wp-json\/wp\/v2\/posts"}],"about":[{"href":"https:\/\/www.mk-journal.de\/index.php\/wp-json\/wp\/v2\/types\/post"}],"author":[{"embeddable":true,"href":"https:\/\/www.mk-journal.de\/index.php\/wp-json\/wp\/v2\/users\/3"}],"replies":[{"embeddable":true,"href":"https:\/\/www.mk-journal.de\/index.php\/wp-json\/wp\/v2\/comments?post=23981"}],"version-history":[{"count":1,"href":"https:\/\/www.mk-journal.de\/index.php\/wp-json\/wp\/v2\/posts\/23981\/revisions"}],"predecessor-version":[{"id":23983,"href":"https:\/\/www.mk-journal.de\/index.php\/wp-json\/wp\/v2\/posts\/23981\/revisions\/23983"}],"wp:featuredmedia":[{"embeddable":true,"href":"https:\/\/www.mk-journal.de\/index.php\/wp-json\/wp\/v2\/media\/23982"}],"wp:attachment":[{"href":"https:\/\/www.mk-journal.de\/index.php\/wp-json\/wp\/v2\/media?parent=23981"}],"wp:term":[{"taxonomy":"category","embeddable":true,"href":"https:\/\/www.mk-journal.de\/index.php\/wp-json\/wp\/v2\/categories?post=23981"},{"taxonomy":"post_tag","embeddable":true,"href":"https:\/\/www.mk-journal.de\/index.php\/wp-json\/wp\/v2\/tags?post=23981"}],"curies":[{"name":"wp","href":"https:\/\/api.w.org\/{rel}","templated":true}]}}