{"id":24008,"date":"2026-01-22T10:14:11","date_gmt":"2026-01-22T08:14:11","guid":{"rendered":"https:\/\/www.mk-journal.de\/?p=24008"},"modified":"2026-01-22T10:14:11","modified_gmt":"2026-01-22T08:14:11","slug":"sportler-des-jahres-gesucht","status":"publish","type":"post","link":"https:\/\/www.mk-journal.de\/index.php\/2026\/01\/22\/sportler-des-jahres-gesucht\/","title":{"rendered":"Sportler des Jahres gesucht"},"content":{"rendered":"<p>(EB). Die Sportlerehrung des M\u00e4rkischen Kreises findet in diesem Jahr am Freitag, 25. September, ab 18:00 Uhr, im St\u00e4dtischen Saalbau in Iserlohn-Letmathe statt. Diesen Termin hat der Gesch\u00e4ftsf\u00fchrer des Kreissportbundes M\u00e4rkischer Kreis e.V. &#8211; Sebastian Pahlke &#8211; jetzt\u00a0 in einem Vereinsmailing die Sportvereine im M\u00e4rkischen Kreis mitgeteilt. Er hat die\u00a0 Vereine zudem gebeten, Vorschl\u00e4ge einzureichen.<\/p>\n<p>Geehrt werden k\u00f6nnen Einzelsportlerinnen und -sportler, Mannschaften und Ehrenamtliche f\u00fcr besondere Leistungen im Jahr 2025. Die Richtlinien zur Ehrung und die unterschiedlichen Meldeformulare stehen auf der Homepage des Kreissportbundes M\u00e4rkischer Kreis e.V. unter <a href=\"https:\/\/www.ksb-mk.de\/unser-themen\/sportlerehrung\">https:\/\/www.ksb-mk.de\/unser-themen\/sportlerehrung<\/a> zur Verf\u00fcgung. Die Meldefrist ist der 27. M\u00e4rz.<\/p>\n","protected":false},"excerpt":{"rendered":"<p>(EB). Die Sportlerehrung des M\u00e4rkischen Kreises findet in diesem Jahr  [&#8230;]<\/p>\n","protected":false},"author":3,"featured_media":24009,"comment_status":"closed","ping_status":"closed","sticky":false,"template":"","format":"standard","meta":{"two_page_speed":[],"footnotes":""},"categories":[4],"tags":[],"class_list":["post-24008","post","type-post","status-publish","format-standard","has-post-thumbnail","hentry","category-sport"],"_links":{"self":[{"href":"https:\/\/www.mk-journal.de\/index.php\/wp-json\/wp\/v2\/posts\/24008","targetHints":{"allow":["GET"]}}],"collection":[{"href":"https:\/\/www.mk-journal.de\/index.php\/wp-json\/wp\/v2\/posts"}],"about":[{"href":"https:\/\/www.mk-journal.de\/index.php\/wp-json\/wp\/v2\/types\/post"}],"author":[{"embeddable":true,"href":"https:\/\/www.mk-journal.de\/index.php\/wp-json\/wp\/v2\/users\/3"}],"replies":[{"embeddable":true,"href":"https:\/\/www.mk-journal.de\/index.php\/wp-json\/wp\/v2\/comments?post=24008"}],"version-history":[{"count":1,"href":"https:\/\/www.mk-journal.de\/index.php\/wp-json\/wp\/v2\/posts\/24008\/revisions"}],"predecessor-version":[{"id":24010,"href":"https:\/\/www.mk-journal.de\/index.php\/wp-json\/wp\/v2\/posts\/24008\/revisions\/24010"}],"wp:featuredmedia":[{"embeddable":true,"href":"https:\/\/www.mk-journal.de\/index.php\/wp-json\/wp\/v2\/media\/24009"}],"wp:attachment":[{"href":"https:\/\/www.mk-journal.de\/index.php\/wp-json\/wp\/v2\/media?parent=24008"}],"wp:term":[{"taxonomy":"category","embeddable":true,"href":"https:\/\/www.mk-journal.de\/index.php\/wp-json\/wp\/v2\/categories?post=24008"},{"taxonomy":"post_tag","embeddable":true,"href":"https:\/\/www.mk-journal.de\/index.php\/wp-json\/wp\/v2\/tags?post=24008"}],"curies":[{"name":"wp","href":"https:\/\/api.w.org\/{rel}","templated":true}]}}