{"id":24026,"date":"2026-01-23T10:28:19","date_gmt":"2026-01-23T08:28:19","guid":{"rendered":"https:\/\/www.mk-journal.de\/?p=24026"},"modified":"2026-01-23T10:28:19","modified_gmt":"2026-01-23T08:28:19","slug":"anno-tuck-2026-von-rittern-und-drachen","status":"publish","type":"post","link":"https:\/\/www.mk-journal.de\/index.php\/2026\/01\/23\/anno-tuck-2026-von-rittern-und-drachen\/","title":{"rendered":"Anno Tuck 2026: Von Rittern und Drachen"},"content":{"rendered":"<p>(pmk). Fantasy- und Mittelalter-Freunde sollten sich im Sommer schon mal die Veranstaltung Anno Tuck auf der Burg Altena vormerken: Vom 31. Juli bis 2. August erobern Ritter und Drachen wieder die ehrw\u00fcrdigen Mauern. Anno Tuck katapultiert sich bei seiner Zeitreise in eine mittelalterlich anmutende Welt voller Magie. Eine bunte Schar aus Rittern von nah und fern, Handwerkern, Gauklern, mittelalterlichen Bands, Feuerakrobaten, dem einen oder anderen Drachen und anderen illustren Gestalten aus fantastischen Zeiten werden die beiden Burgh\u00f6fe bev\u00f6lkern.<\/p>\n<p><strong>Reise ins Mittelalter<\/strong><\/p>\n<p>Der Fachdienst Kultur und Tourismus des M\u00e4rkischen Kreises macht deutlich: Es handelt sich hierbei keineswegs um eine Neuauflage von \u201eAltena \u2013 Eine Stadt erlebt das Mittelalter\u201c. \u201eWir bleiben unserem Konzept von Anno Tuck, der auf Burg Altena durch die Zeit reist, treu. Wieso also nicht auch mal ins Mittelalter?\u201c, fragt Detlef Kr\u00fcger, Fachdienstleiter Kultur und Tourismus. \u201eWir wissen, dass das gerade bei den Altenaerinnen und Altenaern ein gro\u00dfes Thema ist. Aktuell ist eine Neuauflage des Gro\u00dfevents nicht m\u00f6glich. Im kleineren Rahmen wollen wir aber nat\u00fcrlich auch auf die Dinge eingehen, die an uns herangetragen werden und in diesem Fall das Mittelalterthema noch durch einige Fantasy-Elemente erg\u00e4nzen\u201c, erkl\u00e4rt er.<\/p>\n","protected":false},"excerpt":{"rendered":"<p>(pmk). Fantasy- und Mittelalter-Freunde sollten sich im Sommer schon mal  [&#8230;]<\/p>\n","protected":false},"author":3,"featured_media":24027,"comment_status":"closed","ping_status":"closed","sticky":false,"template":"","format":"standard","meta":{"two_page_speed":[],"footnotes":""},"categories":[6],"tags":[],"class_list":["post-24026","post","type-post","status-publish","format-standard","has-post-thumbnail","hentry","category-kultur"],"_links":{"self":[{"href":"https:\/\/www.mk-journal.de\/index.php\/wp-json\/wp\/v2\/posts\/24026","targetHints":{"allow":["GET"]}}],"collection":[{"href":"https:\/\/www.mk-journal.de\/index.php\/wp-json\/wp\/v2\/posts"}],"about":[{"href":"https:\/\/www.mk-journal.de\/index.php\/wp-json\/wp\/v2\/types\/post"}],"author":[{"embeddable":true,"href":"https:\/\/www.mk-journal.de\/index.php\/wp-json\/wp\/v2\/users\/3"}],"replies":[{"embeddable":true,"href":"https:\/\/www.mk-journal.de\/index.php\/wp-json\/wp\/v2\/comments?post=24026"}],"version-history":[{"count":1,"href":"https:\/\/www.mk-journal.de\/index.php\/wp-json\/wp\/v2\/posts\/24026\/revisions"}],"predecessor-version":[{"id":24028,"href":"https:\/\/www.mk-journal.de\/index.php\/wp-json\/wp\/v2\/posts\/24026\/revisions\/24028"}],"wp:featuredmedia":[{"embeddable":true,"href":"https:\/\/www.mk-journal.de\/index.php\/wp-json\/wp\/v2\/media\/24027"}],"wp:attachment":[{"href":"https:\/\/www.mk-journal.de\/index.php\/wp-json\/wp\/v2\/media?parent=24026"}],"wp:term":[{"taxonomy":"category","embeddable":true,"href":"https:\/\/www.mk-journal.de\/index.php\/wp-json\/wp\/v2\/categories?post=24026"},{"taxonomy":"post_tag","embeddable":true,"href":"https:\/\/www.mk-journal.de\/index.php\/wp-json\/wp\/v2\/tags?post=24026"}],"curies":[{"name":"wp","href":"https:\/\/api.w.org\/{rel}","templated":true}]}}