{"id":24048,"date":"2026-01-25T12:02:02","date_gmt":"2026-01-25T10:02:02","guid":{"rendered":"https:\/\/www.mk-journal.de\/?p=24048"},"modified":"2026-01-25T12:02:02","modified_gmt":"2026-01-25T10:02:02","slug":"rufbereitschaft-der-umweltbehoerden-87-einsaetze-im-jahr-2025","status":"publish","type":"post","link":"https:\/\/www.mk-journal.de\/index.php\/2026\/01\/25\/rufbereitschaft-der-umweltbehoerden-87-einsaetze-im-jahr-2025\/","title":{"rendered":"Rufbereitschaft der Umweltbeh\u00f6rden: 87 Eins\u00e4tze im Jahr 2025"},"content":{"rendered":"<p style=\"line-height: 16.5pt;\"><span style=\"font-family: 'Calibri',sans-serif; color: #153643;\">(pmk). Der Schutz von Oberfl\u00e4chengew\u00e4ssern, Grundwasser und Boden sowie die Abwehr weiterer Gefahren erfordern im Ernstfall schnelle Sofortma\u00dfnahmen. Daher betreiben die Umweltbeh\u00f6rden des M\u00e4rkischen Kreises eine 24-Stunden-Rufbereitschaft gem\u00e4\u00df den Vorgaben des Landes. <\/span><span style=\"font-family: 'Calibri',sans-serif; color: #153643;\">Bei Unf\u00e4llen, Betriebsst\u00f6rungen oder anderen Ereignissen, bei denen umwelt- und gesundheitsgef\u00e4hrdende Stoffe freigesetzt werden, sorgt die Rufbereitschaft daf\u00fcr, dass Sch\u00e4den beseitigt und insbesondere Gefahren f\u00fcr Grund- und Oberfl\u00e4chenwasser z\u00fcgig einged\u00e4mmt werden. Dies geschieht in enger Abstimmung mit Polizei, Feuerwehr und den \u00f6rtlichen Ordnungs- bzw. Umweltschutzbeh\u00f6rden.<\/span><\/p>\n<p><strong>Elf &#8222;Umweltalarme&#8220; mehr als im Vorjahr<\/strong><\/p>\n<p style=\"line-height: 16.5pt;\"><span style=\"font-family: 'Calibri',sans-serif; color: #153643;\">87 \u201eUmweltalarme\u201c verzeichnete der Kreis im vergangenen Jahr, elf mehr als im Jahr 2024. Die Mitarbeiterinnen und Mitarbeiter der Rufbereitschaft r\u00fccken zu jeder Tages- und Nachtzeit aus, sobald eine akute Gefahr f\u00fcr Menschen, Tiere, Pflanzen, Boden, Wasser oder die Atmosph\u00e4re besteht oder bestehen k\u00f6nnte. 2025 bedeutete dies 23 Eins\u00e4tze an Wochenenden oder an Feiertagen sowie 42 Eins\u00e4tze an normalen Arbeitstagen innerhalb der Dienstzeit und 22 Eins\u00e4tze nach Dienstschluss.<\/span><\/p>\n<p><strong>Kostenbescheid an Verursacher<\/strong><\/p>\n<p style=\"line-height: 16.5pt;\"><span style=\"font-family: 'Calibri',sans-serif; color: #153643;\">Im Ernstfall alarmieren B\u00fcrgerinnen und B\u00fcrger oder Beh\u00f6rden zun\u00e4chst den \u201eMeldekopf\u201c, also die Kreisleitstelle im Brandschutz- und Rettungsdienstzentrum Rosmart. Von dort aus werden die Eins\u00e4tze koordiniert und bei Bedarf auch die im Dienst befindliche Person der Umweltbeh\u00f6rden informiert. Vor Ort erfolgen in der Regel Sofortma\u00dfnahmen der Feuerwehr (etwa eine \u00d6lsperre in einem Gew\u00e4sser) und Folgema\u00dfnahmen unter Koordinierung der beh\u00f6rdlichen Person \u2013 etwa die Sicherung von anderen Gew\u00e4ssern, von Ufern oder das Aufsaugen von Schadstoffen. Kann im Nachgang ein Schadensverursacher ermittelt werden, verschickt die Umweltbeh\u00f6rde einen Kostenbescheid.<\/span><\/p>\n<p style=\"line-height: 16.5pt;\"><strong><span style=\"font-family: 'Calibri',sans-serif; color: #153643;\">Fahrzeugdefekte bilden wieder Schwerpunkt<\/span><\/strong><\/p>\n<p style=\"line-height: 16.5pt;\"><span style=\"font-family: 'Calibri',sans-serif; color: #153643;\">Unf\u00e4lle oder Defekte an Fahrzeugen f\u00fchrten im Vorjahr die meisten Umweltalarmierungen an (37 Prozent), gefolgt von Br\u00e4nden (16 Prozent). Die kommunalen Spitzenreiter waren Halver (14 Prozent) sowie L\u00fcdenscheid und Plettenberg (je 13 Prozent). Gl\u00fccklicherweise fanden 82 Prozent der Eins\u00e4tze au\u00dferhalb von Wasserschutzgebieten statt. Bei 50 Prozent der Alarmierungen betrafen die Eins\u00e4tze Oberfl\u00e4chengew\u00e4sser. In 36 Prozent der F\u00e4lle war das Grundwasser tangiert. Nur bei einem Einsatz kam es zu einem Fischsterben. <\/span><span style=\"font-family: 'Calibri',sans-serif; color: #153643;\">Die Zahl der Eins\u00e4tze ist nach einem leichten R\u00fcckgang in den Vorjahren wieder leicht gestiegen, doch die H\u00f6chstmarke aus 2021 mit 108 Alarmierungen wurde nicht erreicht.<\/span><\/p>\n<p style=\"line-height: 16.5pt;\"><span style=\"font-family: 'Calibri',sans-serif; color: #153643;\">\u00a0<\/span><\/p>\n","protected":false},"excerpt":{"rendered":"<p>(pmk). Der Schutz von Oberfl\u00e4chengew\u00e4ssern, Grundwasser und Boden sowie die  [&#8230;]<\/p>\n","protected":false},"author":3,"featured_media":24049,"comment_status":"closed","ping_status":"closed","sticky":false,"template":"","format":"standard","meta":{"two_page_speed":[],"footnotes":""},"categories":[11],"tags":[],"class_list":["post-24048","post","type-post","status-publish","format-standard","has-post-thumbnail","hentry","category-maerkischer-kreis"],"_links":{"self":[{"href":"https:\/\/www.mk-journal.de\/index.php\/wp-json\/wp\/v2\/posts\/24048","targetHints":{"allow":["GET"]}}],"collection":[{"href":"https:\/\/www.mk-journal.de\/index.php\/wp-json\/wp\/v2\/posts"}],"about":[{"href":"https:\/\/www.mk-journal.de\/index.php\/wp-json\/wp\/v2\/types\/post"}],"author":[{"embeddable":true,"href":"https:\/\/www.mk-journal.de\/index.php\/wp-json\/wp\/v2\/users\/3"}],"replies":[{"embeddable":true,"href":"https:\/\/www.mk-journal.de\/index.php\/wp-json\/wp\/v2\/comments?post=24048"}],"version-history":[{"count":1,"href":"https:\/\/www.mk-journal.de\/index.php\/wp-json\/wp\/v2\/posts\/24048\/revisions"}],"predecessor-version":[{"id":24050,"href":"https:\/\/www.mk-journal.de\/index.php\/wp-json\/wp\/v2\/posts\/24048\/revisions\/24050"}],"wp:featuredmedia":[{"embeddable":true,"href":"https:\/\/www.mk-journal.de\/index.php\/wp-json\/wp\/v2\/media\/24049"}],"wp:attachment":[{"href":"https:\/\/www.mk-journal.de\/index.php\/wp-json\/wp\/v2\/media?parent=24048"}],"wp:term":[{"taxonomy":"category","embeddable":true,"href":"https:\/\/www.mk-journal.de\/index.php\/wp-json\/wp\/v2\/categories?post=24048"},{"taxonomy":"post_tag","embeddable":true,"href":"https:\/\/www.mk-journal.de\/index.php\/wp-json\/wp\/v2\/tags?post=24048"}],"curies":[{"name":"wp","href":"https:\/\/api.w.org\/{rel}","templated":true}]}}