{"id":24069,"date":"2026-01-27T09:52:09","date_gmt":"2026-01-27T07:52:09","guid":{"rendered":"https:\/\/www.mk-journal.de\/?p=24069"},"modified":"2026-01-27T09:52:09","modified_gmt":"2026-01-27T07:52:09","slug":"wertschaetzung-fuer-pflegefamilien","status":"publish","type":"post","link":"https:\/\/www.mk-journal.de\/index.php\/2026\/01\/27\/wertschaetzung-fuer-pflegefamilien\/","title":{"rendered":"Wertsch\u00e4tzung f\u00fcr Pflegefamilien"},"content":{"rendered":"<p>(pmk). Pflegefamilien geben Kindern ein zweites Zuhause, Geborgenheit und Zuwendung. Oft erfahren Jungen und M\u00e4dchen bei ihnen erstmals Sicherheit, verl\u00e4ssliche Bindungen, Regeln und Strukturen. Viele Kinder bringen aus ihren Herkunftsfamilien einen schweren Rucksack mit: Alkoholkonsum in der Schwangerschaft, Vernachl\u00e4ssigung, Misshandlung und sexueller Missbrauch hinterlassen Spuren und m\u00fcssen verarbeitet beziehungsweise therapiert werden. Es ist eine gro\u00dfe Herausforderung und gesellschaftliche Verantwortung, aber erfahren Pflegefamilien daf\u00fcr auch die verdiente Wertsch\u00e4tzung?<\/p>\n<p><strong>Regelm\u00e4\u00dfige Beratung<\/strong><\/p>\n<p>Inge Hellwig vom Pflegekinderdienst des Jugendamtes M\u00e4rkischer Kreis zollt Pflegeeltern h\u00f6chsten Respekt. Die Sozialp\u00e4dagogin betreut seit Jahren Pflegefamilien, die Kinder aus dem Zust\u00e4ndigkeitsbereich des Kreisjugendamtes dauerhaft bei sich aufnehmen. Um Pflegefamilien bestm\u00f6glich zu st\u00e4rken, zu unterst\u00fctzen und zu entlasten, bietet das Jugendamt regelm\u00e4\u00dfig Beratung sowie p\u00e4dagogische Freizeiten und Ausfl\u00fcge an. \u201eNetzwerkarbeit hat bei uns einen hohen Stellenwert. Unser Anspruch ist es, f\u00fcr unsere Pflegeeltern gute Rahmenbedingungen zu schaffen, damit die Kinder bestm\u00f6gliche Entwicklungschancen haben\u201c, sagt Hellwig.<\/p>\n<p><strong>Familienfreizeit-Wochenende<\/strong><\/p>\n<p>H\u00f6hepunkt aller Aktivit\u00e4ten ist das seit vielen Jahren angebotene j\u00e4hrliche und kostenfreie Familienfreizeit-Wochenende in der Bildungsakademie Attendorn. Rund 80 Teilnehmerinnen und Teilnehmer waren dabei. Die Resonanz war so gro\u00df, dass bereits eine Warteliste gef\u00fchrt werden musste. In der Bildungsakademie wartete auf die Kinder ein p\u00e4dagogisch begleitetes Freizeitprogramm und auf die Pflegeeltern ein Mix aus Fortbildung, Erfahrungsaustausch und Freizeit mit Spiel und Spa\u00df. \u201ePflegeeltern k\u00f6nnen hier untereinander Kontakte kn\u00fcpfen und von dem gemeinsamen Erfahrungsaustausch profitieren\u201c, erkl\u00e4rt Inge Hellwig. Als positive Entwicklung sieht sie die Etablierung von regionalen Stammtischen wie in Schalksm\u00fchle\/Halver und bald auch in Kierspe\/Meinerzhagen. In einem Fl\u00e4chenkreis wie dem M\u00e4rkischen Kreis sei das nicht selbstverst\u00e4ndlich.<\/p>\n<p><strong>Regionale Vernetzung<\/strong><\/p>\n<p>\u00dcber die regionale Vernetzung der Pflegefamilien und eine gute Betreuung erhofft sich der Pflegekinderdienst auch eine positive Mund zu Mund-Werbung. Er sucht laufend Familien und kinderlose Paare im heimischen Raum, die sich zutrauen, ein Kind dauerhaft bei sich aufzunehmen und ihm ein liebevolles Zuhause zu schenken.<\/p>\n<p><strong>Bewerberkurs am 21. Februar<\/strong><\/p>\n<p>Interessierte k\u00f6nnen sich gerne beim Pflegekinderdienst per E-Mail an <a href=\"mailto:pflegekinderdienst@maerkischer-kreis.de\">pflegekinderdienst@maerkischer-kreis.de<\/a> melden In intensiven Gespr\u00e4chen werden die Bewerber auf Herz und Nieren gepr\u00fcft, ob sie der verantwortungsvollen Aufgabe als Pflegeeltern gewachsen sind. Der n\u00e4chste Bewerberkurs findet ab dem 21. Februar in Kooperation mit dem Haus St. Josef in L\u00fcdenscheid an insgesamt sechs Abendterminen und zwei Samstagen statt. \u00a0Weitere Informationen unter <a href=\"https:\/\/www.maerkischer-kreis.de\/familie\/pflegekinderdienst\">https:\/\/www.maerkischer-kreis.de\/familie\/pflegekinderdienst<\/a><\/p>\n","protected":false},"excerpt":{"rendered":"<p>(pmk). Pflegefamilien geben Kindern ein zweites Zuhause, Geborgenheit und Zuwendung.  [&#8230;]<\/p>\n","protected":false},"author":3,"featured_media":24070,"comment_status":"closed","ping_status":"closed","sticky":false,"template":"","format":"standard","meta":{"two_page_speed":[],"footnotes":""},"categories":[11],"tags":[],"class_list":["post-24069","post","type-post","status-publish","format-standard","has-post-thumbnail","hentry","category-maerkischer-kreis"],"_links":{"self":[{"href":"https:\/\/www.mk-journal.de\/index.php\/wp-json\/wp\/v2\/posts\/24069","targetHints":{"allow":["GET"]}}],"collection":[{"href":"https:\/\/www.mk-journal.de\/index.php\/wp-json\/wp\/v2\/posts"}],"about":[{"href":"https:\/\/www.mk-journal.de\/index.php\/wp-json\/wp\/v2\/types\/post"}],"author":[{"embeddable":true,"href":"https:\/\/www.mk-journal.de\/index.php\/wp-json\/wp\/v2\/users\/3"}],"replies":[{"embeddable":true,"href":"https:\/\/www.mk-journal.de\/index.php\/wp-json\/wp\/v2\/comments?post=24069"}],"version-history":[{"count":1,"href":"https:\/\/www.mk-journal.de\/index.php\/wp-json\/wp\/v2\/posts\/24069\/revisions"}],"predecessor-version":[{"id":24071,"href":"https:\/\/www.mk-journal.de\/index.php\/wp-json\/wp\/v2\/posts\/24069\/revisions\/24071"}],"wp:featuredmedia":[{"embeddable":true,"href":"https:\/\/www.mk-journal.de\/index.php\/wp-json\/wp\/v2\/media\/24070"}],"wp:attachment":[{"href":"https:\/\/www.mk-journal.de\/index.php\/wp-json\/wp\/v2\/media?parent=24069"}],"wp:term":[{"taxonomy":"category","embeddable":true,"href":"https:\/\/www.mk-journal.de\/index.php\/wp-json\/wp\/v2\/categories?post=24069"},{"taxonomy":"post_tag","embeddable":true,"href":"https:\/\/www.mk-journal.de\/index.php\/wp-json\/wp\/v2\/tags?post=24069"}],"curies":[{"name":"wp","href":"https:\/\/api.w.org\/{rel}","templated":true}]}}