{"id":24080,"date":"2026-01-27T10:30:24","date_gmt":"2026-01-27T08:30:24","guid":{"rendered":"https:\/\/www.mk-journal.de\/?p=24080"},"modified":"2026-01-27T10:30:24","modified_gmt":"2026-01-27T08:30:24","slug":"endlich-wirksames-wolfsmanagement","status":"publish","type":"post","link":"https:\/\/www.mk-journal.de\/index.php\/2026\/01\/27\/endlich-wirksames-wolfsmanagement\/","title":{"rendered":"Endlich wirksames Wolfsmanagement"},"content":{"rendered":"<h4>Kundgebung der Weidetierhalter mit Beteiligung aus S\u00fcdwestfalen<\/h4>\n<p>(EB). \u201eEndlich wirksames Wolfmanagement\u201c \u2013 so lautete die plakative Forderung der rund 1.000 Weidetierhalter, die sich jetzt im Dreil\u00e4ndereck Nordrhein-Westfalen\/Rheinland-Pfalz\/Hessen im Ort Rehe anl\u00e4sslich der j\u00fcngsten Wolfsrisse zu einer Kundgebung rund um ein gro\u00dfes Feuer getroffen hatten. Unterst\u00fctzung bekamen die rheinland-pf\u00e4lzischen Bauern und B\u00e4uerinnen von ihren Berufskollegen der Mittelgebirgsallianz \u2013 den Landwirtschaftlichen Kreisverb\u00e4nden Siegen-Wittgenstein, M\u00e4rkischer Kreis und Olpe im Westf\u00e4lisch-Lippischen Landwirtschaftsverband.<\/p>\n<p><strong>Keine wirksamen L\u00f6sungen<\/strong><\/p>\n<p>Viele Weidetierhalterinnen und Weidetierhalter erleben die R\u00fcckkehr des Wolfes als einen gesellschaftlich und politisch gesetzten Rahmen, bei dem Wunsch und Wirklichkeit weit auseinanderklaffen. F\u00fcr ein Miteinander von Weidetierhaltung und Wolf gibt es bis heute keine ausreichend tragf\u00e4higen und wirksamen L\u00f6sungen. Entsprechend gro\u00df ist aktuell der Bedarf an Protest, Austausch und sichtbarer Unterst\u00fctzung.<\/p>\n<p><strong>Kernforderungen<\/strong><\/p>\n<p>Konzentriert trugen Betroffene und Verantwortliche aus den Bauernverb\u00e4nden die Kernforderungen vor, die sich an Bund und L\u00e4nder gleichzeitig richten:<\/p>\n<ul>\n<li>Die umgehende Anpassung des Bundesjagd- sowie des Bundesnaturschutzgesetzes<\/li>\n<li>Ein praxistaugliches Wolfsmanagement f\u00fcr alle Bundesl\u00e4nder bereits ab dem Jahr 2026<\/li>\n<li>Die Einf\u00fchrung einer bundesgesetzlichen Entnahmequote mit der M\u00f6glichkeit f\u00fcr die Bundesl\u00e4nder, h\u00f6here Abschusszahlen gesondert festzulegen<\/li>\n<li>Die zeitnahe und unb\u00fcrokratische Entnahme von Problemw\u00f6lfen unabh\u00e4ngig von Managementpl\u00e4nen<\/li>\n<li>Die \u00dcbernahme auch aller Unterhaltungskosten f\u00fcr den Herdenschutz<\/li>\n<li>Die Ausweisung umfassender Weidegebiete, in denen keine wolfsabweisende Z\u00e4unung m\u00f6glich ist<\/li>\n<\/ul>\n<p><strong>Landrat auf\u00a0 Seiten der Gastgeber<\/strong><\/p>\n<p>Vor allem Redner Achim Schwickert, Landrat des Westerwaldkreises, nahm die Argumente der Tierhalter auf und stellte sich in seinem Beitrag deutlich auf die Seite der Gastgeber. K\u00f6pfe vor Ort aus S\u00fcdwestfalen waren Michael Richard, Vorsitzender des Landwirtschaftlichen Kreisverbandes Olpe und des Bezirksverbandes Sauerland-Hellweg im Westf\u00e4lisch-Lippischen Landwirtschaftsverband, Kreisgesch\u00e4ftsf\u00fchrer Stephan Ludewig und der Vorsitzende des Landwirtschaftlichen Ortsverbandes Burbach\/Neunkirchen, Heiko Betz.<\/p>\n<p>&nbsp;<\/p>\n","protected":false},"excerpt":{"rendered":"<p>Kundgebung der Weidetierhalter mit Beteiligung aus S\u00fcdwestfalen (EB). \u201eEndlich wirksames  [&#8230;]<\/p>\n","protected":false},"author":3,"featured_media":24081,"comment_status":"closed","ping_status":"closed","sticky":false,"template":"","format":"standard","meta":{"two_page_speed":[],"footnotes":""},"categories":[7],"tags":[],"class_list":["post-24080","post","type-post","status-publish","format-standard","has-post-thumbnail","hentry","category-dies-und-das"],"_links":{"self":[{"href":"https:\/\/www.mk-journal.de\/index.php\/wp-json\/wp\/v2\/posts\/24080","targetHints":{"allow":["GET"]}}],"collection":[{"href":"https:\/\/www.mk-journal.de\/index.php\/wp-json\/wp\/v2\/posts"}],"about":[{"href":"https:\/\/www.mk-journal.de\/index.php\/wp-json\/wp\/v2\/types\/post"}],"author":[{"embeddable":true,"href":"https:\/\/www.mk-journal.de\/index.php\/wp-json\/wp\/v2\/users\/3"}],"replies":[{"embeddable":true,"href":"https:\/\/www.mk-journal.de\/index.php\/wp-json\/wp\/v2\/comments?post=24080"}],"version-history":[{"count":1,"href":"https:\/\/www.mk-journal.de\/index.php\/wp-json\/wp\/v2\/posts\/24080\/revisions"}],"predecessor-version":[{"id":24082,"href":"https:\/\/www.mk-journal.de\/index.php\/wp-json\/wp\/v2\/posts\/24080\/revisions\/24082"}],"wp:featuredmedia":[{"embeddable":true,"href":"https:\/\/www.mk-journal.de\/index.php\/wp-json\/wp\/v2\/media\/24081"}],"wp:attachment":[{"href":"https:\/\/www.mk-journal.de\/index.php\/wp-json\/wp\/v2\/media?parent=24080"}],"wp:term":[{"taxonomy":"category","embeddable":true,"href":"https:\/\/www.mk-journal.de\/index.php\/wp-json\/wp\/v2\/categories?post=24080"},{"taxonomy":"post_tag","embeddable":true,"href":"https:\/\/www.mk-journal.de\/index.php\/wp-json\/wp\/v2\/tags?post=24080"}],"curies":[{"name":"wp","href":"https:\/\/api.w.org\/{rel}","templated":true}]}}