{"id":24087,"date":"2026-01-27T11:41:38","date_gmt":"2026-01-27T09:41:38","guid":{"rendered":"https:\/\/www.mk-journal.de\/?p=24087"},"modified":"2026-01-27T11:41:38","modified_gmt":"2026-01-27T09:41:38","slug":"zahl-der-einbuergerungen-steigt-weiter","status":"publish","type":"post","link":"https:\/\/www.mk-journal.de\/index.php\/2026\/01\/27\/zahl-der-einbuergerungen-steigt-weiter\/","title":{"rendered":"Zahl der Einb\u00fcrgerungen steigt weiter"},"content":{"rendered":"<p>(pmk). Die Zahl der Einb\u00fcrgerungen im M\u00e4rkischen Kreis nimmt weiter zu. Im vergangenen Jahr lie\u00dfen sich 840 Frauen, M\u00e4nner, Jugendliche und Kinder aus dem Zust\u00e4ndigkeitsbereich des M\u00e4rkischen Kreises einb\u00fcrgern. Das sind rund 36,36 Prozent mehr als im Jahr davor. Zum Vergleich: In 2024 entschieden sich 616 f\u00fcr die deutsche Staatsb\u00fcrgerschaft, in 2023 waren es 520, 2022 307 und 2021 264 Personen. Sie kommen aus 13 von 15 kreisangeh\u00f6rigen St\u00e4dten und Gemeinden. In Iserlohn und L\u00fcdenscheid werden eigene Einb\u00fcrgerungen vorgenommen.<\/p>\n<p><strong>Menden erneut auf Platz 1<\/strong><\/p>\n<p>Die Stadt Menden belegte 2025 mit 143 Neub\u00fcrgerinnen und Neub\u00fcrgern erneut Platz eins. Platz zwei ging mit 136 Personen diesmal an Meinerzhagen, gefolgt von 132 in Hemer und 125 in Werdohl. In Halver wohnen 61 Neub\u00fcrger, in Plettenberg 52, in Altena 47, in Balve 37, in Kierspe 33, in Neuenrade 26, in Schalksm\u00fchle 21, in Herscheid 15 und in Nachrodt-Wiblingwerde 12.<\/p>\n<p><strong>279 stammen aus der T\u00fcrkei<\/strong><\/p>\n<p>279 Neub\u00fcrgerinnen und Neub\u00fcrger stammen urspr\u00fcnglich aus der T\u00fcrkei, 143 aus Syrien beziehungsweise der Arabischen Republik. Die Mehrheit der Eingeb\u00fcrgerten haben ihre Wurzeln in Drittstaaten, n\u00e4mlich insgesamt 474. Insgesamt kommen 79 Personen aus EU-Staaten inklusive der Schweiz. Vorher als staatenlos galten acht Personen.<\/p>\n","protected":false},"excerpt":{"rendered":"<p>(pmk). Die Zahl der Einb\u00fcrgerungen im M\u00e4rkischen Kreis nimmt weiter  [&#8230;]<\/p>\n","protected":false},"author":3,"featured_media":24088,"comment_status":"closed","ping_status":"closed","sticky":false,"template":"","format":"standard","meta":{"two_page_speed":[],"footnotes":""},"categories":[11],"tags":[],"class_list":["post-24087","post","type-post","status-publish","format-standard","has-post-thumbnail","hentry","category-maerkischer-kreis"],"_links":{"self":[{"href":"https:\/\/www.mk-journal.de\/index.php\/wp-json\/wp\/v2\/posts\/24087","targetHints":{"allow":["GET"]}}],"collection":[{"href":"https:\/\/www.mk-journal.de\/index.php\/wp-json\/wp\/v2\/posts"}],"about":[{"href":"https:\/\/www.mk-journal.de\/index.php\/wp-json\/wp\/v2\/types\/post"}],"author":[{"embeddable":true,"href":"https:\/\/www.mk-journal.de\/index.php\/wp-json\/wp\/v2\/users\/3"}],"replies":[{"embeddable":true,"href":"https:\/\/www.mk-journal.de\/index.php\/wp-json\/wp\/v2\/comments?post=24087"}],"version-history":[{"count":1,"href":"https:\/\/www.mk-journal.de\/index.php\/wp-json\/wp\/v2\/posts\/24087\/revisions"}],"predecessor-version":[{"id":24089,"href":"https:\/\/www.mk-journal.de\/index.php\/wp-json\/wp\/v2\/posts\/24087\/revisions\/24089"}],"wp:featuredmedia":[{"embeddable":true,"href":"https:\/\/www.mk-journal.de\/index.php\/wp-json\/wp\/v2\/media\/24088"}],"wp:attachment":[{"href":"https:\/\/www.mk-journal.de\/index.php\/wp-json\/wp\/v2\/media?parent=24087"}],"wp:term":[{"taxonomy":"category","embeddable":true,"href":"https:\/\/www.mk-journal.de\/index.php\/wp-json\/wp\/v2\/categories?post=24087"},{"taxonomy":"post_tag","embeddable":true,"href":"https:\/\/www.mk-journal.de\/index.php\/wp-json\/wp\/v2\/tags?post=24087"}],"curies":[{"name":"wp","href":"https:\/\/api.w.org\/{rel}","templated":true}]}}