{"id":24092,"date":"2026-01-27T12:18:42","date_gmt":"2026-01-27T10:18:42","guid":{"rendered":"https:\/\/www.mk-journal.de\/?p=24092"},"modified":"2026-01-27T12:18:42","modified_gmt":"2026-01-27T10:18:42","slug":"neue-akutstation","status":"publish","type":"post","link":"https:\/\/www.mk-journal.de\/index.php\/2026\/01\/27\/neue-akutstation\/","title":{"rendered":"Neue Akutstation"},"content":{"rendered":"<h4><strong>Zus\u00e4tzliche Behandlungsr\u00e4ume f\u00fcr Kinder und Jugendliche in psychischen Krisen<\/strong><\/h4>\n<p>(EB). Zum 1. Januar hat die Klinik f\u00fcr Kinder- und Jugendpsychiatrie, Psychosomatik und Psychotherapie am Klinikum L\u00fcdenscheid eine neue Akutstation mit sechs Betten in Betrieb genommen. Mit den neugestalteten R\u00e4umlichkeiten und dem spezialisierten Konzept erweitert die Klinik ihr bestehendes Behandlungsangebot und schafft zus\u00e4tzliche M\u00f6glichkeiten, noch gezielter auf die individuellen Bed\u00fcrfnisse von Kindern und Jugendlichen in akuten psychischen Notlagen einzugehen.<\/p>\n<p><strong>Krisenintervention<\/strong><\/p>\n<p>Akute Kriseninterventionen f\u00fcr Kinder und Jugendliche wurden bereits in der Vergangenheit auf hohem fachlichem Niveau durchgef\u00fchrt. Mit der neuen Station steht nun ein erg\u00e4nzendes, klar strukturiertes Behandlungssetting zur Verf\u00fcgung, das insbesondere f\u00fcr sehr belastende Krisensituationen ausgelegt ist und eine intensivere therapeutische Begleitung erm\u00f6glicht.<\/p>\n<p><strong>Gesch\u00fctzter Raum<\/strong><\/p>\n<p>\u201eMit den neuen r\u00e4umlichen und konzeptionellen M\u00f6glichkeiten schaffen wir einen gesch\u00fctzten Rahmen, der gezielt auf die besonderen Anforderungen akuter psychischer Krisen bei Kindern und Jugendlichen abgestimmt ist\u201c, erkl\u00e4rt Dr. Morsi Abdallah, Direktor der Klinik f\u00fcr Kinder- und Jugendpsychiatrie, Psychosomatik und Psychotherapie. \u201eDie sehr gute und konstruktive Zusammenarbeit mit der Stadt L\u00fcdenscheid hat wesentlich dazu beigetragen, dieses Projekt gemeinsam erfolgreich umzusetzen.\u201c<\/p>\n<p><strong>F\u00fcr Kinder ab zehn Jahren<\/strong><\/p>\n<p>Behandelt werden Kinder ab zehn Jahren sowie Jugendliche bis einschlie\u00dflich 17 Jahre aus dem M\u00e4rkischen Kreis und dem Kreis Olpe. Die Klinik verf\u00fcgt \u00fcber eine langj\u00e4hrige und ausgewiesene Expertise in der Behandlung schwerer psychischer Erkrankungen, unter anderem bei Suizidalit\u00e4t im Kindes- und Jugendalter, selbstverletzendem Verhalten, schweren depressiven St\u00f6rungen und psychotischen Erkrankungen. Die Versorgung erfolgt durch ein multiprofessionelles Team aus \u00e4rztlichem, psychotherapeutischem, pflegerischem und sozialp\u00e4dagogischem Fachpersonal.<\/p>\n<p><strong>International vernetzt<\/strong><\/p>\n<p>Erg\u00e4nzend zur station\u00e4ren Behandlung setzt die Klinik weiterhin auf etablierte, evidenzbasierte Therapieprogramme und ist national wie international gut vernetzt. Dazu z\u00e4hlen unter anderem das AdoASSIP-Programm zur Suizidpr\u00e4vention in Kooperation mit der Universit\u00e4tsklinik Z\u00fcrich sowie die dialektisch-behaviorale Therapie f\u00fcr Adoleszente (DBT-A) zur Behandlung von Emotionsregulationsst\u00f6rungen und selbstverletzendem Verhalten.<\/p>\n<p><strong>Vier Einzel- ein Doppelzimmer<\/strong><\/p>\n<p>Die neuen R\u00e4umlichkeiten umfassen vier Einzelzimmer, ein Doppelzimmer, einen Aufenthaltsraum, einen gesch\u00fctzten Au\u00dfenbereich sowie spezielle R\u00e4ume zur Deeskalation und Krisenbew\u00e4ltigung. In enger Zusammenarbeit mit der Michael-Ende-Schule ist zudem eine interne schulische Beschulung der Patientinnen und Patienten gew\u00e4hrleistet, um schulische Kontinuit\u00e4t w\u00e4hrend des station\u00e4ren Aufenthalts sicherzustellen.<\/p>\n<p><strong>Bestehendes Angebot ausgebaut<\/strong><\/p>\n<p>\u201eDie neue Akutstation erg\u00e4nzt unser breites und bew\u00e4hrtes Behandlungsangebot und erm\u00f6glicht es, noch individueller auf die Bed\u00fcrfnisse von Kindern und Jugendlichen in akuten psychischen Krisen einzugehen\u201c, betont Dr. Thorsten Kehe, Vorsitzender der Gesch\u00e4ftsf\u00fchrung der M\u00e4rkische Kliniken. \u201eDamit bauen wir die bestehenden Angebote konsequent weiter aus und st\u00e4rken die Versorgung von jungen Menschen in der Region.\u201c<\/p>\n","protected":false},"excerpt":{"rendered":"<p>Zus\u00e4tzliche Behandlungsr\u00e4ume f\u00fcr Kinder und Jugendliche in psychischen Krisen (EB).  [&#8230;]<\/p>\n","protected":false},"author":3,"featured_media":24093,"comment_status":"closed","ping_status":"closed","sticky":false,"template":"","format":"standard","meta":{"two_page_speed":[],"footnotes":""},"categories":[7],"tags":[],"class_list":["post-24092","post","type-post","status-publish","format-standard","has-post-thumbnail","hentry","category-dies-und-das"],"_links":{"self":[{"href":"https:\/\/www.mk-journal.de\/index.php\/wp-json\/wp\/v2\/posts\/24092","targetHints":{"allow":["GET"]}}],"collection":[{"href":"https:\/\/www.mk-journal.de\/index.php\/wp-json\/wp\/v2\/posts"}],"about":[{"href":"https:\/\/www.mk-journal.de\/index.php\/wp-json\/wp\/v2\/types\/post"}],"author":[{"embeddable":true,"href":"https:\/\/www.mk-journal.de\/index.php\/wp-json\/wp\/v2\/users\/3"}],"replies":[{"embeddable":true,"href":"https:\/\/www.mk-journal.de\/index.php\/wp-json\/wp\/v2\/comments?post=24092"}],"version-history":[{"count":2,"href":"https:\/\/www.mk-journal.de\/index.php\/wp-json\/wp\/v2\/posts\/24092\/revisions"}],"predecessor-version":[{"id":24095,"href":"https:\/\/www.mk-journal.de\/index.php\/wp-json\/wp\/v2\/posts\/24092\/revisions\/24095"}],"wp:featuredmedia":[{"embeddable":true,"href":"https:\/\/www.mk-journal.de\/index.php\/wp-json\/wp\/v2\/media\/24093"}],"wp:attachment":[{"href":"https:\/\/www.mk-journal.de\/index.php\/wp-json\/wp\/v2\/media?parent=24092"}],"wp:term":[{"taxonomy":"category","embeddable":true,"href":"https:\/\/www.mk-journal.de\/index.php\/wp-json\/wp\/v2\/categories?post=24092"},{"taxonomy":"post_tag","embeddable":true,"href":"https:\/\/www.mk-journal.de\/index.php\/wp-json\/wp\/v2\/tags?post=24092"}],"curies":[{"name":"wp","href":"https:\/\/api.w.org\/{rel}","templated":true}]}}