{"id":24104,"date":"2026-01-28T09:07:27","date_gmt":"2026-01-28T07:07:27","guid":{"rendered":"https:\/\/www.mk-journal.de\/?p=24104"},"modified":"2026-01-28T09:07:27","modified_gmt":"2026-01-28T07:07:27","slug":"gepflanzt-und-gefaellt","status":"publish","type":"post","link":"https:\/\/www.mk-journal.de\/index.php\/2026\/01\/28\/gepflanzt-und-gefaellt\/","title":{"rendered":"Gepflanzt und\u2026 gef\u00e4llt:"},"content":{"rendered":"<h4>Start der Baumpflanzungen f\u00fcr die \u201eEssbare LenneSchiene\u201c in Altena<\/h4>\n<p>(PSA). Die Natur ist unser Lebensraum und die Tradition ist unser Markenzeichen. Beides wird\u00a0 aktuell\u00a0 mit\u00a0 einem\u00a0 von\u00a0 <a href=\"https:\/\/www.leader-lenneschiene.de\/mitmachen\/leader\">LEADER<\/a>\u00a0 finanzierten\u00a0 Regionale-2025-Projekt\u00a0\u201e<a href=\"https:\/\/www.regionale-suedwestfalen.com\/projekt\/essbare_lenneschiene\/\">LenneSchiene 2.0 &#8211; Essbare LenneSchiene &#8211; Biodiversit\u00e4t, Bildung und Begegnung<\/a> <a href=\"https:\/\/www.regionale-suedwestfalen.com\/projekt\/essbare_lenneschiene\/\">entlang der Lenneroute<\/a>\u201c miteinander verbunden. Unter der Federf\u00fchrung der Stadt Iserlohn als Projekttr\u00e4gerin, werden entlang der Lenne auf rund 142 Kilometern 75 regionale Obstb\u00e4ume in den teilnehmenden Kommunen gepflanzt. Weitere Partnerkommunen dieses Projekts sind Schmallenberg, Lennestadt, Finnentrop, Plettenberg und nat\u00fcrlich Altena.<\/p>\n<p><strong>Die ersten B\u00e4ume gepflanzt<\/strong><\/p>\n<p>Jetzt wurden nun die ersten B\u00e4ume des Projekts gepflanzt und das im Lennepark unserer Burg- und Draht-Stadt. Vis-\u00e0-vis des Markaners stehen drei Apfelb\u00e4ume und weitere zwei \u201eObstproduzenten\u201c haben etwa auf H\u00f6he des Bahnsteigs ihren Platz gefunden. Das war der Punkt Natur, nun zur Tradition. Denn die Baumsorten sind alteingesessen: <a href=\"https:\/\/leader-lenneschiene.de\/altenaer-rosenapfel\">Altenaer Rosenapfel<\/a>, <a href=\"https:\/\/leader-lenneschiene.de\/roethaer-blenheim\">R\u00f6thaer Blenheim<\/a>, <a href=\"https:\/\/leader-lenneschiene.de\/boehmischer-roter-jungfernapfel\">Verwechsler B\u00f6hmischer Roter<\/a> <a href=\"https:\/\/leader-lenneschiene.de\/boehmischer-roter-jungfernapfel\">Jungfernapfel<\/a> und <a href=\"https:\/\/leader-lenneschiene.de\/schoener-vom-winkelsen\">Sch\u00f6ner vom Winkelsen<\/a> wurden f\u00fcr die \u201eEssbare LenneSchiene\u201c ausgew\u00e4hlt. Einen \u00dcberblick \u00fcber alle Obstsorten des Projekts finden Sie <a href=\"https:\/\/leader-lenneschiene.de\/essbare-lenneschiene\">hier<\/a>.<\/p>\n","protected":false},"excerpt":{"rendered":"<p>Start der Baumpflanzungen f\u00fcr die \u201eEssbare LenneSchiene\u201c in Altena (PSA).  [&#8230;]<\/p>\n","protected":false},"author":3,"featured_media":24105,"comment_status":"closed","ping_status":"closed","sticky":false,"template":"","format":"standard","meta":{"two_page_speed":[],"footnotes":""},"categories":[7],"tags":[],"class_list":["post-24104","post","type-post","status-publish","format-standard","has-post-thumbnail","hentry","category-dies-und-das"],"_links":{"self":[{"href":"https:\/\/www.mk-journal.de\/index.php\/wp-json\/wp\/v2\/posts\/24104","targetHints":{"allow":["GET"]}}],"collection":[{"href":"https:\/\/www.mk-journal.de\/index.php\/wp-json\/wp\/v2\/posts"}],"about":[{"href":"https:\/\/www.mk-journal.de\/index.php\/wp-json\/wp\/v2\/types\/post"}],"author":[{"embeddable":true,"href":"https:\/\/www.mk-journal.de\/index.php\/wp-json\/wp\/v2\/users\/3"}],"replies":[{"embeddable":true,"href":"https:\/\/www.mk-journal.de\/index.php\/wp-json\/wp\/v2\/comments?post=24104"}],"version-history":[{"count":1,"href":"https:\/\/www.mk-journal.de\/index.php\/wp-json\/wp\/v2\/posts\/24104\/revisions"}],"predecessor-version":[{"id":24106,"href":"https:\/\/www.mk-journal.de\/index.php\/wp-json\/wp\/v2\/posts\/24104\/revisions\/24106"}],"wp:featuredmedia":[{"embeddable":true,"href":"https:\/\/www.mk-journal.de\/index.php\/wp-json\/wp\/v2\/media\/24105"}],"wp:attachment":[{"href":"https:\/\/www.mk-journal.de\/index.php\/wp-json\/wp\/v2\/media?parent=24104"}],"wp:term":[{"taxonomy":"category","embeddable":true,"href":"https:\/\/www.mk-journal.de\/index.php\/wp-json\/wp\/v2\/categories?post=24104"},{"taxonomy":"post_tag","embeddable":true,"href":"https:\/\/www.mk-journal.de\/index.php\/wp-json\/wp\/v2\/tags?post=24104"}],"curies":[{"name":"wp","href":"https:\/\/api.w.org\/{rel}","templated":true}]}}