{"id":24108,"date":"2026-01-28T09:21:09","date_gmt":"2026-01-28T07:21:09","guid":{"rendered":"https:\/\/www.mk-journal.de\/?p=24108"},"modified":"2026-01-28T09:21:09","modified_gmt":"2026-01-28T07:21:09","slug":"generationen-und-familientag","status":"publish","type":"post","link":"https:\/\/www.mk-journal.de\/index.php\/2026\/01\/28\/generationen-und-familientag\/","title":{"rendered":"Generationen- und Familientag"},"content":{"rendered":"<h4>Es wird wieder bunt in Plettenberg<\/h4>\n<p>(PSP). Befl\u00fcgelt durch den gro\u00dfen Erfolg des Generationen- und Familientages 2025, der im Rathausinnenhof und auf der Meile in Richtung Wieden in Plettenberg stattgefunden hat, plant die Stadt eine Neuauflage am\u00a0 am 07. Februar in der Sch\u00fctzenhalle und dem Jugendzentrum Alte Feuerwache!<\/p>\n<p><strong>B\u00fchnenprogramm der Vereine<\/strong><\/p>\n<p>So bringt der Generationen- und Familientag Farbe in den Plettenberger Winter.\u00a0 Von 11.00 bis 17.00 Uhr soll es in der warmen und trockenen Sch\u00fctzenhalle Leckereien inklusive w\u00e4rmenden Tee und Kakao sowie Spiel, Spa\u00df und Aktionen f\u00fcr Gro\u00df und Klein geben. Begleitet werden soll die Veranstaltung durch ein B\u00fchnenprogramm der Plettenberger Vereine, Organisationen und Institutionen. Erg\u00e4nzt wird die Veranstaltung um das Jugendcaf\u00e9 im Jugendzentrum. Auch ein kleiner Vorgeschmack auf die kommende Karnevalssaison ist geplant.<\/p>\n<p><strong>Mitmachen kann jeder<\/strong><\/p>\n<p>Mitmachen mit einem Aktions-Stand, einem Programmpunkt auf der B\u00fchne oder neuen Ideen kann jede und jeder mit Bezug zu Plettenberg. Ein Tag von Plettenbergern f\u00fcr Plettenberger, wir freuen uns auf ein buntes Programm.\u00a0 Geplant ist es, den Generationen- und Familientag anschlie\u00dfend in zweij\u00e4hrigem Rhythmus stattfinden zu lassen, also mit der n\u00e4chsten Auflage im Jahr 2028.<\/p>\n","protected":false},"excerpt":{"rendered":"<p>Es wird wieder bunt in Plettenberg (PSP). Befl\u00fcgelt durch den  [&#8230;]<\/p>\n","protected":false},"author":3,"featured_media":24109,"comment_status":"closed","ping_status":"closed","sticky":false,"template":"","format":"standard","meta":{"two_page_speed":[],"footnotes":""},"categories":[10],"tags":[],"class_list":["post-24108","post","type-post","status-publish","format-standard","has-post-thumbnail","hentry","category-staedte-und-gemeinden"],"_links":{"self":[{"href":"https:\/\/www.mk-journal.de\/index.php\/wp-json\/wp\/v2\/posts\/24108","targetHints":{"allow":["GET"]}}],"collection":[{"href":"https:\/\/www.mk-journal.de\/index.php\/wp-json\/wp\/v2\/posts"}],"about":[{"href":"https:\/\/www.mk-journal.de\/index.php\/wp-json\/wp\/v2\/types\/post"}],"author":[{"embeddable":true,"href":"https:\/\/www.mk-journal.de\/index.php\/wp-json\/wp\/v2\/users\/3"}],"replies":[{"embeddable":true,"href":"https:\/\/www.mk-journal.de\/index.php\/wp-json\/wp\/v2\/comments?post=24108"}],"version-history":[{"count":1,"href":"https:\/\/www.mk-journal.de\/index.php\/wp-json\/wp\/v2\/posts\/24108\/revisions"}],"predecessor-version":[{"id":24110,"href":"https:\/\/www.mk-journal.de\/index.php\/wp-json\/wp\/v2\/posts\/24108\/revisions\/24110"}],"wp:featuredmedia":[{"embeddable":true,"href":"https:\/\/www.mk-journal.de\/index.php\/wp-json\/wp\/v2\/media\/24109"}],"wp:attachment":[{"href":"https:\/\/www.mk-journal.de\/index.php\/wp-json\/wp\/v2\/media?parent=24108"}],"wp:term":[{"taxonomy":"category","embeddable":true,"href":"https:\/\/www.mk-journal.de\/index.php\/wp-json\/wp\/v2\/categories?post=24108"},{"taxonomy":"post_tag","embeddable":true,"href":"https:\/\/www.mk-journal.de\/index.php\/wp-json\/wp\/v2\/tags?post=24108"}],"curies":[{"name":"wp","href":"https:\/\/api.w.org\/{rel}","templated":true}]}}