{"id":24157,"date":"2026-01-30T13:44:17","date_gmt":"2026-01-30T11:44:17","guid":{"rendered":"https:\/\/www.mk-journal.de\/?p=24157"},"modified":"2026-01-30T13:44:17","modified_gmt":"2026-01-30T11:44:17","slug":"warnstreik-im-kommunalen-nahverkehr","status":"publish","type":"post","link":"https:\/\/www.mk-journal.de\/index.php\/2026\/01\/30\/warnstreik-im-kommunalen-nahverkehr\/","title":{"rendered":"Warnstreik im kommunalen Nahverkehr"},"content":{"rendered":"<h4 style=\"line-height: 117%; margin: .05pt 42.4pt 4.0pt 0cm;\"><b><span style=\"font-size: 12.0pt; line-height: 117%; font-family: 'Calibri',sans-serif; color: windowtext;\">ver.di ruft Besch\u00e4ftigte im M\u00e4rkischen Kreis zu Arbeitsniederlegungen auf<\/span><\/b><\/h4>\n<p>(EB). Im Rahmen der laufenden Tarifrunde im kommunalen Nahverkehr ruft die Vereinte Dienstleistungsgewerkschaft (ver.di) die Besch\u00e4ftigten der MVG M\u00e4rkische Verkehrsgesellschaft GmbH in L\u00fcdenscheid, Iserlohn und Plettenberg am Montag, 2. Februar 2026, zu einem ganzt\u00e4gigen Warnstreik auf. Betroffen sind Besch\u00e4ftigte aus dem Fahrdienst, den Werkst\u00e4tten, der Leitstelle und der Verwaltung. Der Warnstreik beginnt mit der Fr\u00fchschicht am 2. Februar und geht bis zum Ende der Sp\u00e4tschicht in der Nacht zum 3. Februar. In dieser Zeit ist mit Einschr\u00e4nkungen zu rechnen.<\/p>\n<p><strong>Belastung an der Grenze<\/strong><\/p>\n<p>\u201eDie Belastung im Nahverkehr ist l\u00e4ngst an die Grenzen gekommen\u201c, betont ver.di-Bezirksgesch\u00e4ftsf\u00fchrer Michael Schnippering. \u201eOhne deutliche Verbesserungen bei den Arbeitsbedingungen werden wir den Personalmangel nicht bew\u00e4ltigen. Ein zukunftsf\u00e4higer \u00d6PNV braucht attraktive Jobs \u2013 und daf\u00fcr m\u00fcssen die Arbeitgeber die Verantwortung \u00fcbernehmen. Doch statt eines Angebots wird bislang nur mit Gegen-forderungen gedroht. So geht das nicht weiter.\u201c<\/p>\n<p>Hintergrund sind die laufenden Tarifverhandlungen mit dem Kommunalen Arbeitgeberverband Nordrhein-Westfalen (KAV NW), die am 21. Januar in erster Verhandlungsrunde in K\u00f6ln ergebnislos beendet wurden.<\/p>\n<p><strong>In NRW fordern die Besch\u00e4ftigten einen deutlichen Fokus auf Entlastung durch mehr Zeit:<\/strong><\/p>\n<ul>\n<li>Die w\u00f6chentliche Arbeitszeit ist bei vollem Lohnausgleich zu k\u00fcrzen<\/li>\n<li>Die Ruhezeit zwischen zwei Schichten betr\u00e4gt mindestens 11 Stunden<\/li>\n<li>Der Zuschlag f\u00fcr Arbeit am Sonntag betr\u00e4gt mindestens 40 Prozent<\/li>\n<li>Der Freistellungsumfang f\u00fcr Gewerkschaftsarbeit wird auf 8 Tage erh\u00f6ht<\/li>\n<li>Der Geltungsbereich wird auf kurzfristig Besch\u00e4ftigte\/Minijobs ausgeweitet<\/li>\n<li>Die Laufzeit betr\u00e4gt 24 Monate, verhandelt wird der<\/li>\n<\/ul>\n<p>Die Entgeltentwicklung ist bereits unmittelbar an den TV\u00f6D gekoppelt.<\/p>\n<p><strong>Streiklokale und Streikerfassung vor Ort:<\/strong><\/p>\n<p><strong>L\u00fcdenscheid:<\/strong> IPA-Heim, Wehberger Stra\u00dfe 72a, 58507 L\u00fcdenscheid<\/p>\n<p><strong>Iserlohn: <\/strong>MVG Betriebshof Iserlohn, Osemundstra\u00dfe 10, 58636 Iserlohn<\/p>\n<p><strong>Plettenberg: <\/strong>MVG Betriebshof Plettenberg, Posensche Stra\u00dfe 2, 58840 Plettenberg<\/p>\n<p>Streikerfassung vor Ort von 7:00 bis 11:00 Uhr<\/p>\n<p><strong>Stellungnahme der M\u00e4rkischen Verkehrsgesellschaft:<\/strong><\/p>\n<p>\u201eAktuell ist noch nicht absehbar wie viele MVG-Mitarbeitende am Streik teilnehmen werden. Daher kann auch noch keine sichere Auskunft dar\u00fcber gegeben werden, welche Fahrten stattfinden oder ausfallen. Die Erfahrungen aus vergangenen Streikma\u00dfnahmen haben gezeigt, dass die MVG-Auftragsunternehmen in der Regel nicht bestreikt werden und deren Fahrten voraussichtlich stattfinden.<\/p>\n<p>Wir haben eine Liste der voraussichtlich stattfindenden Fahrten auf unserer Website unter <a href=\"http:\/\/www.mvg-aktuell.de\">www.mvg-aktuell.de<\/a> hinterlegt. Jedoch k\u00f6nnen aber auch personelle Ausf\u00e4lle bei den Auftragsunternehmen zur Streichung von Fahrten f\u00fchren. Aufgrund eines Fehlers bei unserem Dienstleister kann es passieren, dass auch ausfallende Fahrten in der Fahrplanauskunft als p\u00fcnktlich angezeigt werden. Wir bitten unsere Fahrg\u00e4ste daher, sich nur an der auf der Website befindlichen Liste zu orientieren.\u201c<\/p>\n","protected":false},"excerpt":{"rendered":"<p>ver.di ruft Besch\u00e4ftigte im M\u00e4rkischen Kreis zu Arbeitsniederlegungen auf (EB).  [&#8230;]<\/p>\n","protected":false},"author":3,"featured_media":24158,"comment_status":"closed","ping_status":"closed","sticky":false,"template":"","format":"standard","meta":{"two_page_speed":[],"footnotes":""},"categories":[18],"tags":[],"class_list":["post-24157","post","type-post","status-publish","format-standard","has-post-thumbnail","hentry","category-witschaft"],"_links":{"self":[{"href":"https:\/\/www.mk-journal.de\/index.php\/wp-json\/wp\/v2\/posts\/24157","targetHints":{"allow":["GET"]}}],"collection":[{"href":"https:\/\/www.mk-journal.de\/index.php\/wp-json\/wp\/v2\/posts"}],"about":[{"href":"https:\/\/www.mk-journal.de\/index.php\/wp-json\/wp\/v2\/types\/post"}],"author":[{"embeddable":true,"href":"https:\/\/www.mk-journal.de\/index.php\/wp-json\/wp\/v2\/users\/3"}],"replies":[{"embeddable":true,"href":"https:\/\/www.mk-journal.de\/index.php\/wp-json\/wp\/v2\/comments?post=24157"}],"version-history":[{"count":1,"href":"https:\/\/www.mk-journal.de\/index.php\/wp-json\/wp\/v2\/posts\/24157\/revisions"}],"predecessor-version":[{"id":24159,"href":"https:\/\/www.mk-journal.de\/index.php\/wp-json\/wp\/v2\/posts\/24157\/revisions\/24159"}],"wp:featuredmedia":[{"embeddable":true,"href":"https:\/\/www.mk-journal.de\/index.php\/wp-json\/wp\/v2\/media\/24158"}],"wp:attachment":[{"href":"https:\/\/www.mk-journal.de\/index.php\/wp-json\/wp\/v2\/media?parent=24157"}],"wp:term":[{"taxonomy":"category","embeddable":true,"href":"https:\/\/www.mk-journal.de\/index.php\/wp-json\/wp\/v2\/categories?post=24157"},{"taxonomy":"post_tag","embeddable":true,"href":"https:\/\/www.mk-journal.de\/index.php\/wp-json\/wp\/v2\/tags?post=24157"}],"curies":[{"name":"wp","href":"https:\/\/api.w.org\/{rel}","templated":true}]}}