{"id":24162,"date":"2026-01-30T14:06:36","date_gmt":"2026-01-30T12:06:36","guid":{"rendered":"https:\/\/www.mk-journal.de\/?p=24162"},"modified":"2026-01-30T14:06:36","modified_gmt":"2026-01-30T12:06:36","slug":"unternehmensbesuch-bei-elisental-in-neuenrade","status":"publish","type":"post","link":"https:\/\/www.mk-journal.de\/index.php\/2026\/01\/30\/unternehmensbesuch-bei-elisental-in-neuenrade\/","title":{"rendered":"Unternehmensbesuch bei Elisental in Neuenrade"},"content":{"rendered":"<h4>Neue Chancen durch neue M\u00e4rkte<\/h4>\n<p>(pmk) Welche Chancen k\u00f6nnen sich aus dem Wandel der Industrie ergeben? Und wie kann der M\u00e4rkische Kreis Unternehmen dabei unterst\u00fctzen? Antworten auf diese Fragen standen im Fokus eines Unternehmensbesuchs von Landrat Ralf Schwarzkopf gemeinsam mit Jochen Schr\u00f6der, Gesch\u00e4ftsf\u00fchrer der Gesellschaft zur Wirtschafts- und Strukturf\u00f6rderung im M\u00e4rkischen Kreis (GWS), beim Drahtwerk Elisental in Neuenrade.<\/p>\n<p><strong>Politische und wirtschaftliche Potenziale<\/strong><\/p>\n<p>Der Kontakt zu Gesch\u00e4ftsf\u00fchrer Daniel Wingen und Prokurist Torsten Schneider war im Rahmen einer Fachveranstaltung zur Sicherheits- und Verteidigungsindustrie in Attendorn entstanden. \u201eDie aktuellen Entwicklungen in der Welt zeigen: In der Sicherheits- und Verteidigungsindustrie liegen politische und wirtschaftliche Potenziale\u201c, sagt Landrat Ralf Schwarzkopf und erg\u00e4nzt: \u201eGerade f\u00fcr unsere innovationsstarke Region er\u00f6ffnen sich neue M\u00e4rkte.\u201c<\/p>\n<p><strong>Unternehmen bei Transformation unterst\u00fctzen<\/strong><\/p>\n<p>Im gemeinsamen Gespr\u00e4ch ging es unter anderem darum, wie Unternehmen bei der Erschlie\u00dfung neuer Gesch\u00e4ftsfelder unterst\u00fctzt werden k\u00f6nnen. Dabei wurde deutlich, dass viele Betriebe, auch aus der Automobilzuliefererindustrie, ihren Blick zunehmend auf neue M\u00e4rkte wie Verteidigungs-, Medizin-, Bahn- oder Energietechnik richten. \u201eWir m\u00f6chten Unternehmen bei dieser Transformation unterst\u00fctzen. Dabei geht es nicht nur darum, auf \u00e4u\u00dfere Faktoren zu reagieren, sondern auch eigenes Knowhow selbstbewusst zu nutzen\u201c, sagt Landrat Ralf Schwarzkopf.<\/p>\n<p><strong>Mercosur eine gute Sache<\/strong><\/p>\n<p>Internationale Freihandelsabkommen wie \u201eMercosur\u201c k\u00f6nnten k\u00fcnftig neue M\u00e4rkte er\u00f6ffnen und wichtige Impulse geben. Das Freihandelsabkommen zwischen der Europ\u00e4ischen Union und den Mercosur-Staaten Argentinien, Brasilien, Paraguay und Uruguay wurde k\u00fcrzlich unterzeichnet. Jetzt folgte aber ein R\u00fcckschlag: Das EU-Parlament l\u00e4sst vom Europ\u00e4ischen Gerichtshof \u00fcberpr\u00fcfen, ob das Abkommen mit EU-Recht vereinbar ist. Eine Entscheidung, die Landrat Ralf Schwarzkopf scharf kritisiert. Er macht deutlich, welche Bedeutung das Abkommen auch f\u00fcr die heimische Wirtschaft im M\u00e4rkischen Kreis und in ganz S\u00fcdwestfalen hat: \u201eFreihandelsabkommen wie Mercosur sind eine ausgesprochen gute Sache. Sie er\u00f6ffnen unseren Unternehmen ein schnelleres Handeln mit Blick zum Beispiel auf bestehende Lieferketten, aber auch hinsichtlich neuer Absatzm\u00e4rkte. Sie st\u00e4rken die internationale Wettbewerbsf\u00e4higkeit. Jede weitere Verz\u00f6gerung ist eine katastrophale Fehlentscheidung, die unsere heimische Wirtschaft direkt betrifft. Gerade in wirtschaftlich herausfordernden Zeiten brauchen wir verl\u00e4ssliche Rahmenbedingungen und keine H\u00e4ngepartien.\u201c<\/p>\n<p><strong>Hintergrund<\/strong><\/p>\n<p>Das Drahtwerk Elisental, gegr\u00fcndet im Jahr 1919, ist seit Jahrzehnten ein fester Bestandteil der industriellen Wertsch\u00f6pfung in Neuenrade. Mit rund 120 Mitarbeiterinnen und Mitarbeitern produziert das Unternehmen hochwertige Dr\u00e4hte, Stangen und Schwei\u00dfdr\u00e4hte aus Aluminium und Aluminiumlegierungen. Die Produkte kommen in zahlreichen Branchen zum Einsatz, unter anderem in der Automobilindustrie, der Elektromobilit\u00e4t, im Flugzeug-, Bahn- und Schiffbau sowie in der Bauindustrie und im Bereich der Wehrtechnik.<\/p>\n<p><strong>\u201e\u00c4rmel hochkrempeln\u201c<\/strong><\/p>\n<p>\u201eUnsere St\u00e4rke liegt in der Vielseitigkeit der Produkte und unserer hohen Spezialisierung\u201c, berichtet Daniel Wingen, Gesch\u00e4ftsf\u00fchrer des Drahtwerks Elisental. \u201eUnser Ziel ist es, den hohen Qualit\u00e4tsstandard kontinuierlich zu verbessern und gleichzeitig neue M\u00e4rkte zu erschlie\u00dfen. Die Investition in eine L\u00f6sungsgl\u00fchanlage ist ein wichtiger Schritt, um uns auf einem globalen Markt zukunftssicher aufzustellen.\u201c<\/p>\n<p>Landrat Ralf Schwarzkopf und GWS-Gesch\u00e4ftsf\u00fchrer Jochen Schr\u00f6der waren vom Unternehmensbesuch beeindruckt: \u201eWir haben hier ein hochinnovatives und hochspezialisiertes Unternehmen, das beispielhaft f\u00fcr die Leistungsf\u00e4higkeit unserer heimischen Wirtschaft steht. Gerade in Zeiten des Wandels zeigen die Unternehmen in unserer Region, dass sie die \u00c4rmel hochkrempeln, pragmatisch und l\u00f6sungsorientiert. Mit Tatkraft statt Resignation.\u201c<\/p>\n","protected":false},"excerpt":{"rendered":"<p>Neue Chancen durch neue M\u00e4rkte (pmk) Welche Chancen k\u00f6nnen sich  [&#8230;]<\/p>\n","protected":false},"author":3,"featured_media":24163,"comment_status":"closed","ping_status":"closed","sticky":false,"template":"","format":"standard","meta":{"two_page_speed":[],"footnotes":""},"categories":[18],"tags":[],"class_list":["post-24162","post","type-post","status-publish","format-standard","has-post-thumbnail","hentry","category-witschaft"],"_links":{"self":[{"href":"https:\/\/www.mk-journal.de\/index.php\/wp-json\/wp\/v2\/posts\/24162","targetHints":{"allow":["GET"]}}],"collection":[{"href":"https:\/\/www.mk-journal.de\/index.php\/wp-json\/wp\/v2\/posts"}],"about":[{"href":"https:\/\/www.mk-journal.de\/index.php\/wp-json\/wp\/v2\/types\/post"}],"author":[{"embeddable":true,"href":"https:\/\/www.mk-journal.de\/index.php\/wp-json\/wp\/v2\/users\/3"}],"replies":[{"embeddable":true,"href":"https:\/\/www.mk-journal.de\/index.php\/wp-json\/wp\/v2\/comments?post=24162"}],"version-history":[{"count":1,"href":"https:\/\/www.mk-journal.de\/index.php\/wp-json\/wp\/v2\/posts\/24162\/revisions"}],"predecessor-version":[{"id":24164,"href":"https:\/\/www.mk-journal.de\/index.php\/wp-json\/wp\/v2\/posts\/24162\/revisions\/24164"}],"wp:featuredmedia":[{"embeddable":true,"href":"https:\/\/www.mk-journal.de\/index.php\/wp-json\/wp\/v2\/media\/24163"}],"wp:attachment":[{"href":"https:\/\/www.mk-journal.de\/index.php\/wp-json\/wp\/v2\/media?parent=24162"}],"wp:term":[{"taxonomy":"category","embeddable":true,"href":"https:\/\/www.mk-journal.de\/index.php\/wp-json\/wp\/v2\/categories?post=24162"},{"taxonomy":"post_tag","embeddable":true,"href":"https:\/\/www.mk-journal.de\/index.php\/wp-json\/wp\/v2\/tags?post=24162"}],"curies":[{"name":"wp","href":"https:\/\/api.w.org\/{rel}","templated":true}]}}