{"id":24167,"date":"2026-01-30T14:26:37","date_gmt":"2026-01-30T12:26:37","guid":{"rendered":"https:\/\/www.mk-journal.de\/?p=24167"},"modified":"2026-01-30T14:26:37","modified_gmt":"2026-01-30T12:26:37","slug":"nef-wache-in-luedenscheid-hellersen","status":"publish","type":"post","link":"https:\/\/www.mk-journal.de\/index.php\/2026\/01\/30\/nef-wache-in-luedenscheid-hellersen\/","title":{"rendered":"NEF-Wache in L\u00fcdenscheid-Hellersen"},"content":{"rendered":"<h4>Moderner Rettungsdienststandort fast fertig<\/h4>\n<p>(pmk) Der Neubau der Noteinsatzfahrzeug-Wache (NEF) in L\u00fcdenscheid-Hellersen steht kurz vor der Fertigstellung. Der neue Rettungsdienststandort ist im Beisein von Landrat Ralf Schwarzkopf, L\u00fcdenscheids B\u00fcrgermeister Sebastian Wagemeyer, Dr. Thorsten Kehe, Gesch\u00e4ftsf\u00fchrer der M\u00e4rkischen Kliniken, sowie weiteren Vertretern des Kreises, der Stadt, der Kliniken, des Bau- und Stra\u00dfenausschusses, der Kreistagsfraktionen sowie der beteiligten Planungs- und Baufirmen offiziell eingeweiht worden. Die offizielle Inbetriebnahme soll im Februar erfolgen.<\/p>\n<p><strong>Gesamtkosten 3,8 Millionen Euro<\/strong><\/p>\n<p>Die Gesamtkosten belaufen sich auf 3,8 Millionen Euro. Sehr gut investiertes Geld, wie Landrat Ralf Schwarzkopf betont: \u201eMit der neuen NEF-Wache in Hellersen investieren wir gezielt in eine leistungsf\u00e4hige, zukunftssichere Notfallversorgung f\u00fcr die Menschen hier im M\u00e4rkischen Kreis.\u201c Der Standort sei funktional durchdacht, technisch auf dem neuesten Stand und vor allem auf die Bed\u00fcrfnisse der Einsatzkr\u00e4fte ausgerichtet. Schwarzkopf: \u201eDas ist ein starkes Signal f\u00fcr die Qualit\u00e4t unseres Rettungsdienstes.\u201c<\/p>\n<p><strong>Zust\u00e4ndig f\u00fcr elf St\u00e4dte und Gemeinden<\/strong><\/p>\n<p>Der M\u00e4rkische Kreis ist als Tr\u00e4ger des Rettungsdienstes f\u00fcr die Notfallrettung und den Krankentransport in den St\u00e4dten und Gemeinden Altena, Balve, Halver, Herscheid, Kierspe, Meinerzhagen, Nachrodt-Wiblingwerde, Neuenrade, Schalksm\u00fchle und Werdohl zust\u00e4ndig. Seit Januar dieses Jahres ist der Kreis zudem Tr\u00e4ger der Rettungswache Plettenberg. Dar\u00fcber hinaus sind die St\u00e4dte Hemer, Iserlohn, L\u00fcdenscheid und Menden jeweils Tr\u00e4ger eigener Rettungswachen.<\/p>\n<p><strong>Notarztversorgung f\u00fcr den ganzen Kreis<\/strong><\/p>\n<p>F\u00fcr die not\u00e4rztliche Versorgung im gesamten Kreisgebiet ist der M\u00e4rkische Kreis verantwortlich. Das Notarzteinsatzfahrzeug einschlie\u00dflich Fahrer wird vom jeweiligen Wachentr\u00e4ger gestellt, w\u00e4hrend der Kreis die Not\u00e4rztinnen und Not\u00e4rzte vertraglich bindet. Das Klinikum L\u00fcdenscheid stellt seit vielen Jahren die Not\u00e4rzte f\u00fcr das NEF L\u00fcdenscheid sowie f\u00fcr den s\u00fcdlichen Kreis (NEF Halver).<\/p>\n<p><strong>Gewinn f\u00fcr den Rettungsdienst<\/strong><\/p>\n<p>Aufgrund zunehmender Raumprobleme im Klinikum war bereits 2013 der Bedarf f\u00fcr einen eigenst\u00e4ndigen NEF-Standort in unmittelbarer N\u00e4he zum Krankenhaus erkannt worden. \u201eDass dieses Projekt realisiert werden konnte, ist ein gro\u00dfer Gewinn f\u00fcr den Rettungsdienst\u201c, sagt Landrat Ralf Schwarzkopf.<\/p>\n<p><strong>Zwei NEF und ein RTW am neuen Standort<\/strong><\/p>\n<p>In dem Neubau werden k\u00fcnftig die beiden Notarzteinsatzfahrzeuge aus L\u00fcdenscheid und Halver stationiert. Zudem ist im aktuellen Rettungsdienstbedarfsplan festgelegt, dass ein Rettungswagen (RTW) von der Hauptwache L\u00fcdenscheid an den neuen Standort Hellersen verlegt wird. Dadurch wird die rettungsdienstliche Versorgung im s\u00fcdlichen Stadtgebiet weiter optimiert. Insgesamt versehen hier zuk\u00fcnftig meistens vier Rettungskr\u00e4fte sowie ein Notarzt rund um die Uhr ihren Dienst.<\/p>\n<p><strong>Aktueller Stand der Technik<\/strong><\/p>\n<p>Bauherr des NEF-Standorts Hellersen ist der M\u00e4rkische Kreis. Die Mitnutzung durch die Stadt L\u00fcdenscheid f\u00fcr NEF und RTW war von Beginn an in enger und einvernehmlicher Abstimmung vereinbart. Nach dem Zentralstandort Rosmart (Fertigstellung 2020) und der Rettungswache Halver (2023) ist Hellersen der dritte Neubau einer Rettungswache des M\u00e4rkischen Kreises \u201eauf der gr\u00fcnen Wiese\u201c.<\/p>\n<p><strong>1.304 Quadratmeter<\/strong><\/p>\n<p>Auf dem rund 1.304 Quadratmeter gro\u00dfen Grundst\u00fcck ist eine hochmoderne Rettungswache mit einer Nutzfl\u00e4che von etwa 600 Quadratmetern entstanden. Herzst\u00fcck ist die Fahrzeughalle f\u00fcr zwei Notarzteinsatzfahrzeuge und einen Rettungswagen. Erg\u00e4nzt wird sie durch umfangreiche Logistik-, Lager-, Technik- und Funktionsbereiche.<\/p>\n<p><strong>Acht Ruher\u00e4ume<\/strong><\/p>\n<p>F\u00fcr die Einsatzkr\u00e4fte, die im 24-Stunden-Schichtdienst arbeiten, stehen acht schallisolierte Ruher\u00e4ume mit direktem Badzugang, ein Aufenthalts- und Bereitschaftsraum mit K\u00fcche sowie getrennte Umkleide- und Sanit\u00e4rbereiche f\u00fcr Frauen und M\u00e4nner zur Verf\u00fcgung. Ein zus\u00e4tzlicher Bereich mit separaten Umkleiden und Duschen erm\u00f6glicht die hygienische Trennung von Einsatz- und Ruhebereichen. Eine r\u00fcckw\u00e4rtig ausgerichtete Terrasse dient als R\u00fcckzugsfl\u00e4che. Zudem verf\u00fcgt das Geb\u00e4ude \u00fcber zwei B\u00fcror\u00e4ume mit insgesamt drei Arbeitspl\u00e4tzen (M\u00e4rkischer Kreis, Stadt L\u00fcdenscheid, Notarzt).<\/p>\n<p><strong>Nachhaltig und digital<\/strong><\/p>\n<p>Auch technisch setzt der Neubau Ma\u00dfst\u00e4be: Eine Photovoltaikanlage versorgt die W\u00e4rmepumpe mit Eigenstrom. Eine L\u00fcftungsanlage mit W\u00e4rmer\u00fcckgewinnung sorgt f\u00fcr ein gutes Raumklima. Das Geb\u00e4ude ist umfassend ged\u00e4mmt und mit aktueller Netzwerk- und IT-Infrastruktur ausgestattet. Ein elektronisches Schlie\u00dfsystem sowie eine softwaregest\u00fctzte Kennzeichenerkennung f\u00fcr die Schrankenanlage erh\u00f6hen Sicherheit und Funktionalit\u00e4t. Ladeinfrastruktur ist vorhanden, die Ladepunkte f\u00fcr Einsatzfahrzeuge sind vorbereitet. Hinzu kommen ein Waschplatz im Au\u00dfenbereich, Pkw-Stellpl\u00e4tze und ein Gr\u00fcndach.<\/p>\n<p><strong>Daten und Kosten<\/strong><\/p>\n<p>Der Baubeginn erfolgte Ende Oktober 2024, der Spatenstich am 21. November 2024. Die Gesamtkosten belaufen sich auf rund 3,8 Millionen Euro (brutto). Aktuell laufen noch die Endmontage der Abgasabsaugung sowie Restarbeiten an den Au\u00dfenanlagen. Die Fertigstellung ist \u2013 witterungsabh\u00e4ngig \u2013 im Februar vorgesehen.<\/p>\n","protected":false},"excerpt":{"rendered":"<p>Moderner Rettungsdienststandort fast fertig (pmk) Der Neubau der Noteinsatzfahrzeug-Wache (NEF)  [&#8230;]<\/p>\n","protected":false},"author":3,"featured_media":24168,"comment_status":"closed","ping_status":"closed","sticky":false,"template":"","format":"standard","meta":{"two_page_speed":[],"footnotes":""},"categories":[9],"tags":[],"class_list":["post-24167","post","type-post","status-publish","format-standard","has-post-thumbnail","hentry","category-gute-nachricht"],"_links":{"self":[{"href":"https:\/\/www.mk-journal.de\/index.php\/wp-json\/wp\/v2\/posts\/24167","targetHints":{"allow":["GET"]}}],"collection":[{"href":"https:\/\/www.mk-journal.de\/index.php\/wp-json\/wp\/v2\/posts"}],"about":[{"href":"https:\/\/www.mk-journal.de\/index.php\/wp-json\/wp\/v2\/types\/post"}],"author":[{"embeddable":true,"href":"https:\/\/www.mk-journal.de\/index.php\/wp-json\/wp\/v2\/users\/3"}],"replies":[{"embeddable":true,"href":"https:\/\/www.mk-journal.de\/index.php\/wp-json\/wp\/v2\/comments?post=24167"}],"version-history":[{"count":1,"href":"https:\/\/www.mk-journal.de\/index.php\/wp-json\/wp\/v2\/posts\/24167\/revisions"}],"predecessor-version":[{"id":24169,"href":"https:\/\/www.mk-journal.de\/index.php\/wp-json\/wp\/v2\/posts\/24167\/revisions\/24169"}],"wp:featuredmedia":[{"embeddable":true,"href":"https:\/\/www.mk-journal.de\/index.php\/wp-json\/wp\/v2\/media\/24168"}],"wp:attachment":[{"href":"https:\/\/www.mk-journal.de\/index.php\/wp-json\/wp\/v2\/media?parent=24167"}],"wp:term":[{"taxonomy":"category","embeddable":true,"href":"https:\/\/www.mk-journal.de\/index.php\/wp-json\/wp\/v2\/categories?post=24167"},{"taxonomy":"post_tag","embeddable":true,"href":"https:\/\/www.mk-journal.de\/index.php\/wp-json\/wp\/v2\/tags?post=24167"}],"curies":[{"name":"wp","href":"https:\/\/api.w.org\/{rel}","templated":true}]}}