{"id":24247,"date":"2026-02-04T11:40:26","date_gmt":"2026-02-04T09:40:26","guid":{"rendered":"https:\/\/www.mk-journal.de\/?p=24247"},"modified":"2026-02-04T11:40:26","modified_gmt":"2026-02-04T09:40:26","slug":"maerkisches-jugendsinfonieorchester-jetzt-fuer-die-sommerproben-bewerben","status":"publish","type":"post","link":"https:\/\/www.mk-journal.de\/index.php\/2026\/02\/04\/maerkisches-jugendsinfonieorchester-jetzt-fuer-die-sommerproben-bewerben\/","title":{"rendered":"M\u00e4rkisches Jugendsinfonieorchester: Jetzt f\u00fcr die Sommerproben bewerben"},"content":{"rendered":"<p>(pmk). Musik zusammen erarbeiten und die geprobten St\u00fccke gemeinsam auf der B\u00fchne pr\u00e4sentieren, das steht beim M\u00e4rkischen Jugendsinfonieorchester (MJO) im Mittelpunkt. Mit der neuen Sommerarbeitsphase vom 17. bis 31. August im Jugendhof Pallotti in Lennestadt startet das n\u00e4chste Angebot des Orchesters f\u00fcr junge Menschen aus dem M\u00e4rkischen Kreis und S\u00fcdwestfalen.\u00a0Junge Musikerinnen und Musiker ab 14 Jahren, die an anspruchsvoller Orchesterarbeit interessiert sind, k\u00f6nnen sich ab sofort anmelden. Gesucht werden Streicher, Fl\u00f6ten, Oboen, Klarinetten, Fagotte, H\u00f6rner, Trompeten, Posaunen, Tuba, Harfe, Pauken und sonstiges Schlagwerk.<\/p>\n<p><strong>Kennlerntermin 31. Mai<\/strong><\/p>\n<p>F\u00fcr die neuen Bewerber des MJO gibt es am Sonntag, 31. Mai, einen Kennenlerntermin, um die F\u00e4higkeiten den musikalischen Stand der Neuen einzusch\u00e4tzen. Ein Probentag f\u00fcr alle Angemeldeten ist f\u00fcr Sonntag, 21. Juni, in der Musikschule der Stadt L\u00fcdenscheid angesetzt. Die Konzerte finden am Wochenende vom 4. bis 6. September in Kierspe und L\u00fcdenscheid sowie am Sonntag, 12. September, in Iserlohn statt.<\/p>\n<p><strong>Anspruchsvolles Programm<\/strong><\/p>\n<p>Unter dem Titel \u201eShalom\u201c hat Thomas Grote, seit 2012 Chefdirigent und k\u00fcnstlerischer Leiter des M\u00e4rkischen Jugendsinfonieorchesters, erneut ein anspruchsvolles Programm zusammengestellt: Bloch, \u201eSchelomo\u201c \u2013 Hebr\u00e4ische Rhapsodie f\u00fcr Violoncello und Orchester; Ljadov, Baba Yaga Op. 56; Mussorgsky, \u201eBilder einer Ausstellung\u201c und Verdi, Ouvert\u00fcre zu \u201eDie Macht des Schicksals\u201c. Als Solisten konnte sein Orchesterkollegen Ivaylo Daskalov, Solo-Cellist bei den Bergischen Symphonikern, gewonnen werden.<\/p>\n<p><strong>Gemeinsames Erleben wichtig<\/strong><\/p>\n<p>Michelle Wolzenburg vom Fachdienst Kultur und Tourismus, freut sich auf die gemeinsame Proben- und Konzertphase: \u201eBei unseren Orchesterprojekten zeigt sich: Musik lebt nicht nur von den Instrumenten, sondern auch vom gemeinsamen Erleben. Das m\u00f6chten wir jungen Musikerinnen und Musikern durch unser Angebot erm\u00f6glichen. Nicht zuletzt steht dabei die Freude am Musizieren im Mittelpunkt.\u201c<\/p>\n<p><strong>Fr\u00fchbucher zahlen 340 Euro<\/strong><\/p>\n<p>Eine Teilnahme ist nur nach vorheriger Anmeldung beim M\u00e4rkischen Kreis m\u00f6glich unter: M\u00e4rkischer Kreis, Fachdienst Kultur und Tourismus, Michelle Wolzenburg, Bismarckstr. 15, 58762 Altena; E-Mail: <a href=\"mailto:m.wolzenburg@maerkischer-kreis.de\">m.wolzenburg@maerkischer-kreis.de<\/a> ; Telefon: 02352 966-7044, Telefax: 02352 966887044. Bei Anmeldung bis zum 24. April (Posteingang beim M\u00e4rkischen Kreis) zahlen Fr\u00fchbucher 340 Euro. Danach kostet die Teilnahme 365 Euro. Anmeldeschluss ist der 19. Juni. Weitere Informationen unter <a href=\"http:\/\/www.mjo-mk.de\">www.mjo-mk.de<\/a><\/p>\n","protected":false},"excerpt":{"rendered":"<p>(pmk). Musik zusammen erarbeiten und die geprobten St\u00fccke gemeinsam auf  [&#8230;]<\/p>\n","protected":false},"author":3,"featured_media":24248,"comment_status":"closed","ping_status":"closed","sticky":false,"template":"","format":"standard","meta":{"two_page_speed":[],"footnotes":""},"categories":[6],"tags":[],"class_list":["post-24247","post","type-post","status-publish","format-standard","has-post-thumbnail","hentry","category-kultur"],"_links":{"self":[{"href":"https:\/\/www.mk-journal.de\/index.php\/wp-json\/wp\/v2\/posts\/24247","targetHints":{"allow":["GET"]}}],"collection":[{"href":"https:\/\/www.mk-journal.de\/index.php\/wp-json\/wp\/v2\/posts"}],"about":[{"href":"https:\/\/www.mk-journal.de\/index.php\/wp-json\/wp\/v2\/types\/post"}],"author":[{"embeddable":true,"href":"https:\/\/www.mk-journal.de\/index.php\/wp-json\/wp\/v2\/users\/3"}],"replies":[{"embeddable":true,"href":"https:\/\/www.mk-journal.de\/index.php\/wp-json\/wp\/v2\/comments?post=24247"}],"version-history":[{"count":1,"href":"https:\/\/www.mk-journal.de\/index.php\/wp-json\/wp\/v2\/posts\/24247\/revisions"}],"predecessor-version":[{"id":24249,"href":"https:\/\/www.mk-journal.de\/index.php\/wp-json\/wp\/v2\/posts\/24247\/revisions\/24249"}],"wp:featuredmedia":[{"embeddable":true,"href":"https:\/\/www.mk-journal.de\/index.php\/wp-json\/wp\/v2\/media\/24248"}],"wp:attachment":[{"href":"https:\/\/www.mk-journal.de\/index.php\/wp-json\/wp\/v2\/media?parent=24247"}],"wp:term":[{"taxonomy":"category","embeddable":true,"href":"https:\/\/www.mk-journal.de\/index.php\/wp-json\/wp\/v2\/categories?post=24247"},{"taxonomy":"post_tag","embeddable":true,"href":"https:\/\/www.mk-journal.de\/index.php\/wp-json\/wp\/v2\/tags?post=24247"}],"curies":[{"name":"wp","href":"https:\/\/api.w.org\/{rel}","templated":true}]}}