{"id":24259,"date":"2026-02-04T17:47:59","date_gmt":"2026-02-04T15:47:59","guid":{"rendered":"https:\/\/www.mk-journal.de\/?p=24259"},"modified":"2026-02-04T17:47:59","modified_gmt":"2026-02-04T15:47:59","slug":"kreis-soll-iserlohner-jugendgerichtshilfe-uebernehmen","status":"publish","type":"post","link":"https:\/\/www.mk-journal.de\/index.php\/2026\/02\/04\/kreis-soll-iserlohner-jugendgerichtshilfe-uebernehmen\/","title":{"rendered":"Kreis soll Iserlohner Jugendgerichtshilfe \u00fcbernehmen"},"content":{"rendered":"<h4><strong>Gr\u00fcnen-Anfrage an den Rat der Stadt <\/strong><\/h4>\n<p><strong>Von Hendrik Klein<\/strong><\/p>\n<p>Das hatte sich bei der Diskussion um die Deckelung des Stellenplans im Iserlohner Haupt- und Personalausschuss angedeutet, ohne dass es dort offen formuliert worden w\u00e4re. Die Fraktion B\u00fcndnis 90\/Die Gr\u00fcnen im Rat der Stadt Iserlohn hat eine Ratsanfrage zur Zukunft der Jugendgerichtshilfe gestellt. Wie die Gr\u00fcnen mitteilen, soll die Verwaltung soll pr\u00fcfen, ob und unter welchen rechtlichen, organisatorischen und finanziellen Voraussetzungen die Aufgaben der Jugendgerichtshilfe von der Stadt Iserlohn auf den M\u00e4rkischen Kreis \u00fcbertragen werden k\u00f6nnen. Bereits bei der Debatte \u00fcber die von der CDU beantragte und mit Mehrheit beschlossene Deckelung des Stellenplans hatten sich die B\u00fcndnisgr\u00fcnen vor allem um den Fortbestand der Jugendgerichtshilfe gesorgt.<\/p>\n<p><strong>Instrument der Pr\u00e4vention und Unterst\u00fctzung<\/strong><\/p>\n<p>\u201eDie Jugendgerichtshilfe ist ein zentrales Instrument der Pr\u00e4vention und Unterst\u00fctzung f\u00fcr junge Menschen in schwierigen Lebenslagen. Gerade hier darf es keine Abstriche bei Qualit\u00e4t, Verl\u00e4sslichkeit und fachlicher Begleitung geben\u201c, erkl\u00e4rt Sylvia Olbrich, Fraktionsvorsitzende von B\u00fcndnis 90\/Die Gr\u00fcnen.<\/p>\n<p><strong>Personelle und fachliche Belastung<\/strong><\/p>\n<p data-start=\"1101\" data-end=\"1492\">Hintergrund der Anfrage seien die zunehmenden personellen und fachlichen Belastungen innerhalb der st\u00e4dtischen Jugendgerichtshilfe. Trotz des hohen Engagements der Mitarbeitenden stie\u00dfen die vorhandenen Ressourcen an ihre Grenzen. Nach der Ablehnung einer zus\u00e4tzlichen halben Stelle sei absehbar, so die Gr\u00fcnen, dass die steigenden Anforderungen dauerhaft kaum noch fachlich verantwortbar zu bew\u00e4ltigen seien.<\/p>\n<p><strong>Verl\u00e4ssliche Ansprechpartner<\/strong><\/p>\n<p data-start=\"1494\" data-end=\"1767\">\u201eKinder und Jugendliche brauchen Zeit, Beziehung und verl\u00e4ssliche Ansprechpartnerinnen und Ansprechpartner. Wenn personelle Engp\u00e4sse dazu f\u00fchren, dass Begleitung eingeschr\u00e4nkt wird, trifft das besonders diejenigen, die ohnehin wenig Unterst\u00fctzung haben\u201c, so Olbrich weiter.<\/p>\n<p data-start=\"1769\" data-end=\"1828\"><strong>Im Rahmen der Pr\u00fcfung soll betrachtet werden,<\/strong><\/p>\n<ul data-start=\"1829\" data-end=\"2218\">\n<li data-start=\"1829\" data-end=\"1924\">wie das Kindeswohl und eine fachlich hochwertige Aufgabenwahrnehmung gesichert werden k\u00f6nnen,<\/li>\n<li data-start=\"1925\" data-end=\"2035\">welche personellen, organisatorischen und finanziellen Auswirkungen f\u00fcr die Stadt Iserlohn entstehen w\u00fcrden,<\/li>\n<li data-start=\"2036\" data-end=\"2131\">welche fachlichen und strukturellen Kapazit\u00e4ten der M\u00e4rkische Kreis in diesem Bereich bietet,<\/li>\n<li data-start=\"2132\" data-end=\"2218\">sowie welche Perspektiven es f\u00fcr Kooperationen oder eine schrittweise \u00dcbergabe gibt.<\/li>\n<\/ul>\n<p data-start=\"2220\" data-end=\"2420\"><strong>\u00dcbertragung ist kein R\u00fcckzug<\/strong><\/p>\n<p>Der M\u00e4rkische Kreis verf\u00fcgt nach Einsch\u00e4tzung der Gr\u00fcnen \u00fcber gr\u00f6\u00dfere Fachteams und stabilere Strukturen, die dazu beitragen k\u00f6nnten, Qualit\u00e4tsstandards langfristig zu sichern und Synergien zu nutzen. \u201eEine m\u00f6gliche \u00dcbertragung der Aufgaben w\u00e4re kein R\u00fcckzug aus der Verantwortung, sondern Ausdruck verantwortungsbewusster Zusammenarbeit. Entscheidend ist, dass junge Menschen die Unterst\u00fctzung bekommen, die sie brauchen \u2013 unabh\u00e4ngig von kommunalen Engp\u00e4ssen\u201c, betont Olbrich. Mit der Ratsanfrage wollen die Gr\u00fcnen eine sachliche Entscheidungsgrundlage schaffen und langfristige L\u00f6sungen pr\u00fcfen, bevor sich bestehende Engp\u00e4sse weiter versch\u00e4rfen.<\/p>\n","protected":false},"excerpt":{"rendered":"<p>Gr\u00fcnen-Anfrage an den Rat der Stadt Von Hendrik Klein Das  [&#8230;]<\/p>\n","protected":false},"author":3,"featured_media":24260,"comment_status":"closed","ping_status":"closed","sticky":false,"template":"","format":"standard","meta":{"two_page_speed":[],"footnotes":""},"categories":[5],"tags":[],"class_list":["post-24259","post","type-post","status-publish","format-standard","has-post-thumbnail","hentry","category-politik"],"_links":{"self":[{"href":"https:\/\/www.mk-journal.de\/index.php\/wp-json\/wp\/v2\/posts\/24259","targetHints":{"allow":["GET"]}}],"collection":[{"href":"https:\/\/www.mk-journal.de\/index.php\/wp-json\/wp\/v2\/posts"}],"about":[{"href":"https:\/\/www.mk-journal.de\/index.php\/wp-json\/wp\/v2\/types\/post"}],"author":[{"embeddable":true,"href":"https:\/\/www.mk-journal.de\/index.php\/wp-json\/wp\/v2\/users\/3"}],"replies":[{"embeddable":true,"href":"https:\/\/www.mk-journal.de\/index.php\/wp-json\/wp\/v2\/comments?post=24259"}],"version-history":[{"count":2,"href":"https:\/\/www.mk-journal.de\/index.php\/wp-json\/wp\/v2\/posts\/24259\/revisions"}],"predecessor-version":[{"id":24262,"href":"https:\/\/www.mk-journal.de\/index.php\/wp-json\/wp\/v2\/posts\/24259\/revisions\/24262"}],"wp:featuredmedia":[{"embeddable":true,"href":"https:\/\/www.mk-journal.de\/index.php\/wp-json\/wp\/v2\/media\/24260"}],"wp:attachment":[{"href":"https:\/\/www.mk-journal.de\/index.php\/wp-json\/wp\/v2\/media?parent=24259"}],"wp:term":[{"taxonomy":"category","embeddable":true,"href":"https:\/\/www.mk-journal.de\/index.php\/wp-json\/wp\/v2\/categories?post=24259"},{"taxonomy":"post_tag","embeddable":true,"href":"https:\/\/www.mk-journal.de\/index.php\/wp-json\/wp\/v2\/tags?post=24259"}],"curies":[{"name":"wp","href":"https:\/\/api.w.org\/{rel}","templated":true}]}}