{"id":24303,"date":"2026-02-06T10:50:18","date_gmt":"2026-02-06T08:50:18","guid":{"rendered":"https:\/\/www.mk-journal.de\/?p=24303"},"modified":"2026-02-06T10:50:18","modified_gmt":"2026-02-06T08:50:18","slug":"regionalrat-arnsberg-hat-sich-konstituiert","status":"publish","type":"post","link":"https:\/\/www.mk-journal.de\/index.php\/2026\/02\/06\/regionalrat-arnsberg-hat-sich-konstituiert\/","title":{"rendered":"Regionalrat Arnsberg hat sich konstituiert"},"content":{"rendered":"<p>(EB). Nach der Kommunalwahl im September des vergangenen Jahres hat sich jetzt der Regionalrat im Foyer des campus der Stadtwerke Arnsberg GmbH konstituiert. Auf der Tagesordnung stand die Wahl eines neuen Vorsitzenden, eines Stellvertreters, die Wahl der beratenden Mitglieder sowie die Bildung der Kommissionen. Zum Vorsitzenden wurde erneut Hermann Josef Droege gew\u00e4hlt. Er \u00fcbt das Amt des Vorsitzenden bereits seit 2001 aus und wurde heute abermals in dieser Funktion best\u00e4tigt. Zu seinem Stellvertreter wurde Karl Ludwig V\u00f6lkel gew\u00e4hlt.<\/p>\n<p><strong>Langj\u00e4hrige Mitglieder verabschiedet<\/strong><\/p>\n<p>\u201eIch hoffe, erwarte und w\u00fcnsche mir, dass der Regionalrat Arnsberg auch in den n\u00e4chsten f\u00fcnf Jahren an die bisherige, sachorientierte und konstruktive Zusammenarbeit ankn\u00fcpfen kann und nicht von parteipolitischen Aspekten beeinflusst wird. Dieser \u201aArnsberger Spirit\u2018 hat uns bisher gegen\u00fcber vielen anderen Gremien ausgezeichnet\u201c, formulierte der neugew\u00e4hlte Vorsitzende Herrmann Josef Droege nach seiner Wiederwahl. Herrmann Josef Droege verabschiedete im Rahmen der konstituierenden Sitzung die ausscheidenden, zum Teil langj\u00e4hrigen Mitglieder des Regionalrates und bedankte sich bei Ihnen f\u00fcr die stets ergebnisorientierte und sachliche Zusammenarbeit.<\/p>\n<p><strong>15 stimmberechtigte Mitglieder<\/strong><\/p>\n<p>Im Regionalrat sind insgesamt 15 stimmberechtigte Mitglieder vertreten (CDU 7, SPD 4, Fraktionsgemeinschaft B\u00fcndnis 90\/Die Gr\u00fcnen &amp; FDP 2, FW 1, AfD 1). Hinzu kommen 15 beratende Mitglieder. Der Regionalrat Arnsberg ist als parlamentarisches Gremium der regionale Planungstr\u00e4ger f\u00fcr den Bereich des Regierungsbezirks Arnsberg, der au\u00dferhalb des Verbandsgebietes des Regionalverbandes Ruhr liegt. Diese Bereiche umfassen den Hochsauerlandkreis, den M\u00e4rkischen Kreis sowie die Kreise Olpe, Siegen-Wittgenstein und Soest. Die Aufgaben des Regionalrates sind im Landesplanungsgesetz NRW (LPlG NRW) geregelt.<\/p>\n<p>&nbsp;<\/p>\n","protected":false},"excerpt":{"rendered":"<p>(EB). Nach der Kommunalwahl im September des vergangenen Jahres hat  [&#8230;]<\/p>\n","protected":false},"author":3,"featured_media":24311,"comment_status":"closed","ping_status":"closed","sticky":false,"template":"","format":"standard","meta":{"two_page_speed":[],"footnotes":""},"categories":[5],"tags":[],"class_list":["post-24303","post","type-post","status-publish","format-standard","has-post-thumbnail","hentry","category-politik"],"_links":{"self":[{"href":"https:\/\/www.mk-journal.de\/index.php\/wp-json\/wp\/v2\/posts\/24303","targetHints":{"allow":["GET"]}}],"collection":[{"href":"https:\/\/www.mk-journal.de\/index.php\/wp-json\/wp\/v2\/posts"}],"about":[{"href":"https:\/\/www.mk-journal.de\/index.php\/wp-json\/wp\/v2\/types\/post"}],"author":[{"embeddable":true,"href":"https:\/\/www.mk-journal.de\/index.php\/wp-json\/wp\/v2\/users\/3"}],"replies":[{"embeddable":true,"href":"https:\/\/www.mk-journal.de\/index.php\/wp-json\/wp\/v2\/comments?post=24303"}],"version-history":[{"count":1,"href":"https:\/\/www.mk-journal.de\/index.php\/wp-json\/wp\/v2\/posts\/24303\/revisions"}],"predecessor-version":[{"id":24312,"href":"https:\/\/www.mk-journal.de\/index.php\/wp-json\/wp\/v2\/posts\/24303\/revisions\/24312"}],"wp:featuredmedia":[{"embeddable":true,"href":"https:\/\/www.mk-journal.de\/index.php\/wp-json\/wp\/v2\/media\/24311"}],"wp:attachment":[{"href":"https:\/\/www.mk-journal.de\/index.php\/wp-json\/wp\/v2\/media?parent=24303"}],"wp:term":[{"taxonomy":"category","embeddable":true,"href":"https:\/\/www.mk-journal.de\/index.php\/wp-json\/wp\/v2\/categories?post=24303"},{"taxonomy":"post_tag","embeddable":true,"href":"https:\/\/www.mk-journal.de\/index.php\/wp-json\/wp\/v2\/tags?post=24303"}],"curies":[{"name":"wp","href":"https:\/\/api.w.org\/{rel}","templated":true}]}}