{"id":24319,"date":"2026-02-08T11:23:42","date_gmt":"2026-02-08T09:23:42","guid":{"rendered":"https:\/\/www.mk-journal.de\/?p=24319"},"modified":"2026-02-08T11:23:42","modified_gmt":"2026-02-08T09:23:42","slug":"glasaufzug-am-rathaus-voruebergehend-ausser-betrieb","status":"publish","type":"post","link":"https:\/\/www.mk-journal.de\/index.php\/2026\/02\/08\/glasaufzug-am-rathaus-voruebergehend-ausser-betrieb\/","title":{"rendered":"Glasaufzug am Rathaus vor\u00fcbergehend au\u00dfer Betrieb"},"content":{"rendered":"<h4><strong>Vandalismussch\u00e4den am Bedienfeld<\/strong><\/h4>\n<p style=\"line-height: 16.5pt;\"><span style=\"font-family: 'Calibri',sans-serif; color: #153643;\">(PSI). Der gl\u00e4serne Au\u00dfenaufzug am Rathaus I in Iserlohn ist derzeit au\u00dfer Betrieb. Grund sind Vandalismussch\u00e4den, unter anderem am Bedienfeld des Aufzugs. Durch die Besch\u00e4digung steht die Notruf-Funktion nicht mehr zur Verf\u00fcgung, sodass der Aufzug aus Sicherheitsgr\u00fcnden bis auf Weiteres gesperrt werden musste. <\/span><span style=\"font-family: 'Calibri',sans-serif; color: #153643;\">Das Kommunale Immobilien Management (KIM) der Stadt Iserlohn hat bereits die notwendigen Schritte eingeleitet und wird eine Reparatur beauftragen.<\/span><\/p>\n<p style=\"line-height: 16.5pt;\"><span style=\"font-family: 'Calibri',sans-serif; color: #153643;\">Sobald weitere Informationen vorliegen und der Aufzug wieder freigegeben werden kann, wird die Stadt Iserlohn dar\u00fcber informieren. <\/span><span style=\"font-family: 'Calibri',sans-serif; color: #153643;\">Ein barrierefreier Zugang zur oberen Ebene des Rathaus I ist alternativ \u00fcber den Werner-Jacobi-Platz m\u00f6glich.<\/span><\/p>\n","protected":false},"excerpt":{"rendered":"<p>Vandalismussch\u00e4den am Bedienfeld (PSI). Der gl\u00e4serne Au\u00dfenaufzug am Rathaus I  [&#8230;]<\/p>\n","protected":false},"author":3,"featured_media":24320,"comment_status":"closed","ping_status":"closed","sticky":false,"template":"","format":"standard","meta":{"two_page_speed":[],"footnotes":""},"categories":[10],"tags":[],"class_list":["post-24319","post","type-post","status-publish","format-standard","has-post-thumbnail","hentry","category-staedte-und-gemeinden"],"_links":{"self":[{"href":"https:\/\/www.mk-journal.de\/index.php\/wp-json\/wp\/v2\/posts\/24319","targetHints":{"allow":["GET"]}}],"collection":[{"href":"https:\/\/www.mk-journal.de\/index.php\/wp-json\/wp\/v2\/posts"}],"about":[{"href":"https:\/\/www.mk-journal.de\/index.php\/wp-json\/wp\/v2\/types\/post"}],"author":[{"embeddable":true,"href":"https:\/\/www.mk-journal.de\/index.php\/wp-json\/wp\/v2\/users\/3"}],"replies":[{"embeddable":true,"href":"https:\/\/www.mk-journal.de\/index.php\/wp-json\/wp\/v2\/comments?post=24319"}],"version-history":[{"count":1,"href":"https:\/\/www.mk-journal.de\/index.php\/wp-json\/wp\/v2\/posts\/24319\/revisions"}],"predecessor-version":[{"id":24321,"href":"https:\/\/www.mk-journal.de\/index.php\/wp-json\/wp\/v2\/posts\/24319\/revisions\/24321"}],"wp:featuredmedia":[{"embeddable":true,"href":"https:\/\/www.mk-journal.de\/index.php\/wp-json\/wp\/v2\/media\/24320"}],"wp:attachment":[{"href":"https:\/\/www.mk-journal.de\/index.php\/wp-json\/wp\/v2\/media?parent=24319"}],"wp:term":[{"taxonomy":"category","embeddable":true,"href":"https:\/\/www.mk-journal.de\/index.php\/wp-json\/wp\/v2\/categories?post=24319"},{"taxonomy":"post_tag","embeddable":true,"href":"https:\/\/www.mk-journal.de\/index.php\/wp-json\/wp\/v2\/tags?post=24319"}],"curies":[{"name":"wp","href":"https:\/\/api.w.org\/{rel}","templated":true}]}}