{"id":24391,"date":"2026-02-11T10:34:30","date_gmt":"2026-02-11T08:34:30","guid":{"rendered":"https:\/\/www.mk-journal.de\/?p=24391"},"modified":"2026-02-11T10:34:30","modified_gmt":"2026-02-11T08:34:30","slug":"maerkischer-kreis-begruesst-neue-staatsbuergerinnen-und-staatsbuerger","status":"publish","type":"post","link":"https:\/\/www.mk-journal.de\/index.php\/2026\/02\/11\/maerkischer-kreis-begruesst-neue-staatsbuergerinnen-und-staatsbuerger\/","title":{"rendered":"M\u00e4rkischer Kreis begr\u00fc\u00dft neue Staatsb\u00fcrgerinnen und Staatsb\u00fcrger"},"content":{"rendered":"<p>(pmk). In einem feierlichen Rahmen wurden jetzt im Kreishaus L\u00fcdenscheid 70 Menschen aus 22 verschiedenen Herkunftsl\u00e4ndern in die deutsche Staatsb\u00fcrgerschaft aufgenommen. Mehr als die H\u00e4lfte der neu Eingeb\u00fcrgerten ist j\u00fcnger als 40 Jahre (45 Personen; das entspricht etwa 64 Prozent). Die Altersspanne reichte dabei vom j\u00fcngsten neuen Staatsb\u00fcrger \u2013 einem zwei Jahre alten Kind aus Syrien \u2013 bis hin zu einem Senioren aus der Ukraine, der sich mit 64 Jahren ganz bewusst f\u00fcr die deutsche Staatsangeh\u00f6rigkeit entschieden hat.<\/p>\n<p><strong>Rechte aber auch Verantwortung<\/strong><\/p>\n<p>Kreisdirektorin Barbara Dienstel-K\u00fcmper moderierte die Einb\u00fcrgerungsfeier und richtete pers\u00f6nliche Worte an die neuen Staatsb\u00fcrgerinnen und Staatsb\u00fcrger. \u201eWer heute eingeb\u00fcrgert wird, geh\u00f6rt ganz offiziell dazu \u2013 mit allen Rechten, aber auch mit Verantwortung\u201c, sagte die Kreisdirektorin und erg\u00e4nzte: \u201eHier sind viele Menschen mit ganz unterschiedlichen Lebenswegen. Das zeigt: Unser Kreis ist offen, vielf\u00e4ltig und lebendig. Genau davon lebt unsere Gemeinschaft.\u201c<\/p>\n<p><strong>Feierliches Bekenntnis abgelegt<\/strong><\/p>\n<p>Alle Frauen und M\u00e4nner ab 16 Jahren legten ein feierliches Bekenntnis ab, in dem sie sich verpflichteten, die Gesetze sowie das Grundgesetz der Bundesrepublik Deutschland zu achten. Im Anschluss \u00fcberreichte Kreisdirektorin Barbara Dienstel-K\u00fcmper die Einb\u00fcrgerungsurkunden und jeweils ein Exemplar des Grundgesetzes. Damit k\u00f6nnen nun in den zust\u00e4ndigen Rath\u00e4usern Personalausweise und Reisep\u00e4sse beantragt werden. Zum Abschluss der Veranstaltung wurde gemeinsam die deutsche Nationalhymne gesungen.<\/p>\n<p><strong>Voraussetzungen f\u00fcr die deutsche Staatsb\u00fcrgerschaft<\/strong><\/p>\n<p>Wer die deutsche Staatsangeh\u00f6rigkeit beantragen m\u00f6chte, muss bestimmte Bedingungen erf\u00fcllen. Dazu geh\u00f6rt ein mindestens f\u00fcnfj\u00e4hriger legaler Aufenthalt in Deutschland, der Nachweis von Sprachkenntnissen und kulturellem Wissen sowie die F\u00e4higkeit, den eigenen Lebensunterhalt ohne staatliche Hilfe zu sichern. Die Einb\u00fcrgerung markiert einen wichtigen Schritt in Richtung Integration und gesellschaftliche Teilhabe.<\/p>\n<p><strong>Die neu eingeb\u00fcrgerten Personen stammen aus nachfolgenden Staaten:<\/strong><\/p>\n<ul>\n<li><strong>Afghanistan: <\/strong>1<\/li>\n<li><strong>Albanien: <\/strong>5<\/li>\n<li><strong>Armenien: <\/strong>1<\/li>\n<li><strong>Bosnien-Herzegowina: <\/strong>7<\/li>\n<li><strong>Bulgarien: <\/strong>1<\/li>\n<li><strong>Griechenland: <\/strong>4<\/li>\n<li><strong>Guinea: <\/strong>3<\/li>\n<li><strong>Irak: <\/strong>1<\/li>\n<li><strong>Iran: <\/strong>1<\/li>\n<li><strong>Kosovo: <\/strong>2<\/li>\n<li><strong>Libanon: <\/strong>2<\/li>\n<li><strong>Madagaskar: <\/strong>1<\/li>\n<li><strong>Polen: <\/strong>4<\/li>\n<li><strong>Rum\u00e4nien: <\/strong>3<\/li>\n<li><strong>Russland: <\/strong>2<\/li>\n<li><strong>Serbien: <\/strong>2<\/li>\n<li><strong>Staatenlos: <\/strong>1<\/li>\n<li><strong>Syrien: <\/strong>12<\/li>\n<li><strong>T\u00fcrkei: <\/strong>14<\/li>\n<li><strong>Ukraine: <\/strong>1<\/li>\n<li><strong>Usbekistan: <\/strong>1<\/li>\n<li><strong>Vietnam: <\/strong>1<\/li>\n<\/ul>\n<p><strong>Wohnorte im M\u00e4rkischen Kreis:<\/strong><\/p>\n<ul>\n<li><strong>Altena: <\/strong>7<\/li>\n<li><strong>Halver:<\/strong> 5<\/li>\n<li><strong>Hemer:<\/strong> 11<\/li>\n<li><strong>Kierspe:<\/strong> 1<\/li>\n<li><strong>Meinerzhagen:<\/strong> 8<\/li>\n<li><strong>Menden:<\/strong> 23<\/li>\n<li><strong>Neuenrade:<\/strong> 1<\/li>\n<li><strong>Plettenberg:<\/strong> 6<\/li>\n<li><strong>Schalksm\u00fchle:<\/strong> 2<\/li>\n<li><strong>Werdohl:<\/strong> 6<\/li>\n<\/ul>\n","protected":false},"excerpt":{"rendered":"<p>(pmk). In einem feierlichen Rahmen wurden jetzt im Kreishaus L\u00fcdenscheid  [&#8230;]<\/p>\n","protected":false},"author":3,"featured_media":24392,"comment_status":"closed","ping_status":"closed","sticky":false,"template":"","format":"standard","meta":{"two_page_speed":[],"footnotes":""},"categories":[11],"tags":[],"class_list":["post-24391","post","type-post","status-publish","format-standard","has-post-thumbnail","hentry","category-maerkischer-kreis"],"_links":{"self":[{"href":"https:\/\/www.mk-journal.de\/index.php\/wp-json\/wp\/v2\/posts\/24391","targetHints":{"allow":["GET"]}}],"collection":[{"href":"https:\/\/www.mk-journal.de\/index.php\/wp-json\/wp\/v2\/posts"}],"about":[{"href":"https:\/\/www.mk-journal.de\/index.php\/wp-json\/wp\/v2\/types\/post"}],"author":[{"embeddable":true,"href":"https:\/\/www.mk-journal.de\/index.php\/wp-json\/wp\/v2\/users\/3"}],"replies":[{"embeddable":true,"href":"https:\/\/www.mk-journal.de\/index.php\/wp-json\/wp\/v2\/comments?post=24391"}],"version-history":[{"count":1,"href":"https:\/\/www.mk-journal.de\/index.php\/wp-json\/wp\/v2\/posts\/24391\/revisions"}],"predecessor-version":[{"id":24393,"href":"https:\/\/www.mk-journal.de\/index.php\/wp-json\/wp\/v2\/posts\/24391\/revisions\/24393"}],"wp:featuredmedia":[{"embeddable":true,"href":"https:\/\/www.mk-journal.de\/index.php\/wp-json\/wp\/v2\/media\/24392"}],"wp:attachment":[{"href":"https:\/\/www.mk-journal.de\/index.php\/wp-json\/wp\/v2\/media?parent=24391"}],"wp:term":[{"taxonomy":"category","embeddable":true,"href":"https:\/\/www.mk-journal.de\/index.php\/wp-json\/wp\/v2\/categories?post=24391"},{"taxonomy":"post_tag","embeddable":true,"href":"https:\/\/www.mk-journal.de\/index.php\/wp-json\/wp\/v2\/tags?post=24391"}],"curies":[{"name":"wp","href":"https:\/\/api.w.org\/{rel}","templated":true}]}}