{"id":24423,"date":"2026-02-13T11:21:52","date_gmt":"2026-02-13T09:21:52","guid":{"rendered":"https:\/\/www.mk-journal.de\/?p=24423"},"modified":"2026-02-13T11:21:52","modified_gmt":"2026-02-13T09:21:52","slug":"sperrung-des-wanderwegs-an-der-felsenmeerstrasse","status":"publish","type":"post","link":"https:\/\/www.mk-journal.de\/index.php\/2026\/02\/13\/sperrung-des-wanderwegs-an-der-felsenmeerstrasse\/","title":{"rendered":"Sperrung des Wanderwegs an der Felsenmeerstra\u00dfe"},"content":{"rendered":"<h4>Einbau eines L\u00f6schwasserspeichers \u2013 Arbeiten beginnen am 18. Februar<\/h4>\n<p>(PSH). Die Stadt Hemer informiert \u00fcber die Sperrung des Wanderwegs an der Felsenmeerstra\u00dfe bis zur Br\u00fccke bzw. zum Steg durchs Felsenmeer. Grund hierf\u00fcr ist der Einbau eines L\u00f6schwasserspeichers durch die Firma Krutmann. Die Sperrung des betroffenen Wegabschnitts erfolgt voraussichtlich ab Mittwoch, 18. Februar, f\u00fcr etwa drei Wochen. Der Wanderweg wird auf einer L\u00e4nge von 170 Metern gesperrt, ebenfalls wird der kleine Parkplatz an der Felsenmeerstra\u00dfe f\u00fcr die Dauer der Bauma\u00dfnahme gesperrt werden m\u00fcssen, da er als Materiallager dienen wird.<\/p>\n<p>Der Zugang zum Felsenmeer bleibt weiterhin m\u00f6glich. Besucherinnen und Besucher werden gebeten, den alternativen Wanderweg zu nutzen, der am Haus Felsenmeerstra\u00dfe 35 vorbeif\u00fchrt. Die Stadt Hemer bittet alle Anwohnerinnen und Anwohner sowie Besucherinnen und Besucher um Verst\u00e4ndnis f\u00fcr die notwendigen Einschr\u00e4nkungen.<\/p>\n","protected":false},"excerpt":{"rendered":"<p>Einbau eines L\u00f6schwasserspeichers \u2013 Arbeiten beginnen am 18. Februar (PSH).  [&#8230;]<\/p>\n","protected":false},"author":3,"featured_media":24424,"comment_status":"closed","ping_status":"closed","sticky":false,"template":"","format":"standard","meta":{"two_page_speed":[],"footnotes":""},"categories":[10],"tags":[],"class_list":["post-24423","post","type-post","status-publish","format-standard","has-post-thumbnail","hentry","category-staedte-und-gemeinden"],"_links":{"self":[{"href":"https:\/\/www.mk-journal.de\/index.php\/wp-json\/wp\/v2\/posts\/24423","targetHints":{"allow":["GET"]}}],"collection":[{"href":"https:\/\/www.mk-journal.de\/index.php\/wp-json\/wp\/v2\/posts"}],"about":[{"href":"https:\/\/www.mk-journal.de\/index.php\/wp-json\/wp\/v2\/types\/post"}],"author":[{"embeddable":true,"href":"https:\/\/www.mk-journal.de\/index.php\/wp-json\/wp\/v2\/users\/3"}],"replies":[{"embeddable":true,"href":"https:\/\/www.mk-journal.de\/index.php\/wp-json\/wp\/v2\/comments?post=24423"}],"version-history":[{"count":1,"href":"https:\/\/www.mk-journal.de\/index.php\/wp-json\/wp\/v2\/posts\/24423\/revisions"}],"predecessor-version":[{"id":24425,"href":"https:\/\/www.mk-journal.de\/index.php\/wp-json\/wp\/v2\/posts\/24423\/revisions\/24425"}],"wp:featuredmedia":[{"embeddable":true,"href":"https:\/\/www.mk-journal.de\/index.php\/wp-json\/wp\/v2\/media\/24424"}],"wp:attachment":[{"href":"https:\/\/www.mk-journal.de\/index.php\/wp-json\/wp\/v2\/media?parent=24423"}],"wp:term":[{"taxonomy":"category","embeddable":true,"href":"https:\/\/www.mk-journal.de\/index.php\/wp-json\/wp\/v2\/categories?post=24423"},{"taxonomy":"post_tag","embeddable":true,"href":"https:\/\/www.mk-journal.de\/index.php\/wp-json\/wp\/v2\/tags?post=24423"}],"curies":[{"name":"wp","href":"https:\/\/api.w.org\/{rel}","templated":true}]}}